{"id":7851,"date":"2025-11-18T10:35:41","date_gmt":"2025-11-18T08:35:41","guid":{"rendered":"https:\/\/vivresonreve.ch\/?p=7851"},"modified":"2025-11-18T10:36:13","modified_gmt":"2025-11-18T08:36:13","slug":"remi-bonnet-explose-le-record-du-kilometre-vertical-de-fully-ambassadeur-espoir","status":"publish","type":"post","link":"https:\/\/vivresonreve.ch\/?p=7851","title":{"rendered":"R\u00e9mi Bonnet explose le record du Kilom\u00e8tre Vertical de Fully (Ambassadeur espoir)"},"content":{"rendered":"<p>[et_pb_section admin_label=\u00a0\u00bbsection\u00a0\u00bb]<br \/>\n\t\t\t[et_pb_row admin_label=\u00a0\u00bbrow\u00a0\u00bb]<br \/>\n\t\t\t\t[et_pb_column type=\u00a0\u00bb4_4&Prime;][et_pb_text admin_label=\u00a0\u00bbText\u00a0\u00bb]Record du monde : R\u00e9mi Bonnet \u00e9tablit le nouveau temps pour 1 km vertical..<\/p>\n<div class=\"inline-content__item inline-content__item--paragraph inline-content__item--composable-text\">\n<div class=\"inline-paragraph\"><a href=\"https:\/\/www.redbull.com\/ch-fr\/remi-bonnet-bat-le-record-du-monde-sur-1km-vertical\" target=\"_blank\" rel=\"noopener\">R\u00e9mi Bonne<\/a><a class=\"inline-paragraph__link\" title=\"R\u00e9mi Bonnet\" href=\"https:\/\/www.redbull.com\/ch-fr\/athlete\/remi-bonnet\">t<\/a><span class=\"inline-paragraph__text\">\u00a0a \u00e9tabli un nouveau record du monde au Kilom\u00e8tre Vertical de Fully, terminant l&rsquo;ext\u00e9nuante ascension de 1,92 km avec 1 000 m de d\u00e9nivel\u00e9 en un temps incroyable de 27m 21s.<\/span><\/div>\n<\/div>\n<div class=\"inline-content__item inline-content__item--paragraph inline-content__item--composable-text inline-content__item--composable-text-end\">\n<div class=\"inline-paragraph\"><span class=\"inline-paragraph__text\">Aux c\u00f4t\u00e9s de 669 participants \u00e0 la course du kilom\u00e8tre vertical, le h\u00e9ros local R\u00e9mi Bonnet tentait d&rsquo;effacer le temps de 28m 53s \u00e9tabli par l&rsquo;Italien Philip G\u00f6tsch sur le m\u00eame parcours en 2017. En parcourant la distance avec une pente moyenne de plus de 50 pour cent, il a pulv\u00e9ris\u00e9 le pr\u00e9c\u00e9dent record du monde par un \u00e9norme 1m 32s.<\/span><\/div>\n<div><\/div>\n<div><a href=\"https:\/\/vivresonreve.ch\/wp-content\/uploads\/2025\/11\/REMI-FULLY.jpg\"><img loading=\"lazy\" decoding=\"async\" class=\"aligncenter  wp-image-7853\" src=\"https:\/\/vivresonreve.ch\/wp-content\/uploads\/2025\/11\/REMI-FULLY-300x200.jpg\" alt=\"\" width=\"438\" height=\"292\" \/><\/a><\/div>\n<\/div>\n<div class=\"inline-content__item inline-content__item--large-image inline-content__item--landscape-image\">\n<figure class=\"inline-image inline-image--landscape inline-image--large\" data-content-id=\"rrn:content:images:45eca223-b45a-49f6-b858-f55a72b46ec7:fr-CH\">\n<div class=\"inline-image__image\">\n<div class=\"inline-image__image-view-wrapper\">\n<div class=\"image-view image-view--fixed-ratio\"><\/div>\n<\/div>\n<\/div>\n<\/figure>\n<\/div>\n<p>&nbsp;[\/et_pb_text][\/et_pb_column]<br \/>\n\t\t\t[\/et_pb_row]<br \/>\n\t\t[\/et_pb_section]<\/p>\n","protected":false},"excerpt":{"rendered":"<p>Record du monde : R\u00e9mi Bonnet \u00e9tablit le nouveau temps pour 1 km vertical.. R\u00e9mi Bonnet\u00a0a \u00e9tabli un nouveau record du monde au Kilom\u00e8tre Vertical de Fully, terminant l&rsquo;ext\u00e9nuante ascension de 1,92 km avec 1 000 m de d\u00e9nivel\u00e9 en un temps incroyable de 27m 21s. Aux c\u00f4t\u00e9s de 669 participants \u00e0 la course du [&hellip;]<\/p>\n","protected":false},"author":2,"featured_media":0,"comment_status":"open","ping_status":"open","sticky":true,"template":"","format":"standard","meta":{"_et_pb_use_builder":"on","_et_pb_old_content":"Record du monde : R\u00e9mi Bonnet \u00e9tablit le nouveau temps pour 1 km vertical..\r\n<div class=\"inline-content__item inline-content__item--paragraph inline-content__item--composable-text\">\r\n<div class=\"inline-paragraph\"><a href=\"https:\/\/www.redbull.com\/ch-fr\/remi-bonnet-bat-le-record-du-monde-sur-1km-vertical\" target=\"_blank\" rel=\"noopener\">R\u00e9mi Bonne<\/a><a class=\"inline-paragraph__link\" title=\"R\u00e9mi Bonnet\" href=\"https:\/\/www.redbull.com\/ch-fr\/athlete\/remi-bonnet\">t<\/a><span class=\"inline-paragraph__text\">\u00a0a \u00e9tabli un nouveau record du monde au Kilom\u00e8tre Vertical de Fully, terminant l'ext\u00e9nuante ascension de 1,92 km avec 1 000 m de d\u00e9nivel\u00e9 en un temps incroyable de 27m 21s.<\/span><\/div>\r\n<\/div>\r\n<div class=\"inline-content__item inline-content__item--paragraph inline-content__item--composable-text inline-content__item--composable-text-end\">\r\n<div class=\"inline-paragraph\"><span class=\"inline-paragraph__text\">Aux c\u00f4t\u00e9s de 669 participants \u00e0 la course du kilom\u00e8tre vertical, le h\u00e9ros local R\u00e9mi Bonnet tentait d'effacer le temps de 28m 53s \u00e9tabli par l'Italien Philip G\u00f6tsch sur le m\u00eame parcours en 2017. En parcourant la distance avec une pente moyenne de plus de 50 pour cent, il a pulv\u00e9ris\u00e9 le pr\u00e9c\u00e9dent record du monde par un \u00e9norme 1m 32s.<\/span><\/div>\r\n<div><\/div>\r\n<div><a href=\"https:\/\/vivresonreve.ch\/wp-content\/uploads\/2025\/11\/REMI-FULLY.jpg\"><img class=\"aligncenter  wp-image-7853\" src=\"https:\/\/vivresonreve.ch\/wp-content\/uploads\/2025\/11\/REMI-FULLY-300x200.jpg\" alt=\"\" width=\"438\" height=\"292\" \/><\/a><\/div>\r\n<\/div>\r\n<div class=\"inline-content__item inline-content__item--large-image inline-content__item--landscape-image\">\r\n<figure class=\"inline-image inline-image--landscape inline-image--large\" data-content-id=\"rrn:content:images:45eca223-b45a-49f6-b858-f55a72b46ec7:fr-CH\">\r\n<div class=\"inline-image__image\">\r\n<div class=\"inline-image__image-view-wrapper\">\r\n<div class=\"image-view image-view--fixed-ratio\"><\/div>\r\n<\/div>\r\n<\/div><\/figure>\r\n<\/div>\r\n&nbsp;","_et_gb_content_width":"","footnotes":""},"categories":[90,11,92,15],"tags":[],"class_list":["post-7851","post","type-post","status-publish","format-standard","hentry","category-ambassadeur-espoir","category-association","category-remi-bonnet","category-sport"],"_links":{"self":[{"href":"https:\/\/vivresonreve.ch\/index.php?rest_route=\/wp\/v2\/posts\/7851","targetHints":{"allow":["GET"]}}],"collection":[{"href":"https:\/\/vivresonreve.ch\/index.php?rest_route=\/wp\/v2\/posts"}],"about":[{"href":"https:\/\/vivresonreve.ch\/index.php?rest_route=\/wp\/v2\/types\/post"}],"author":[{"embeddable":true,"href":"https:\/\/vivresonreve.ch\/index.php?rest_route=\/wp\/v2\/users\/2"}],"replies":[{"embeddable":true,"href":"https:\/\/vivresonreve.ch\/index.php?rest_route=%2Fwp%2Fv2%2Fcomments&post=7851"}],"version-history":[{"count":3,"href":"https:\/\/vivresonreve.ch\/index.php?rest_route=\/wp\/v2\/posts\/7851\/revisions"}],"predecessor-version":[{"id":7855,"href":"https:\/\/vivresonreve.ch\/index.php?rest_route=\/wp\/v2\/posts\/7851\/revisions\/7855"}],"wp:attachment":[{"href":"https:\/\/vivresonreve.ch\/index.php?rest_route=%2Fwp%2Fv2%2Fmedia&parent=7851"}],"wp:term":[{"taxonomy":"category","embeddable":true,"href":"https:\/\/vivresonreve.ch\/index.php?rest_route=%2Fwp%2Fv2%2Fcategories&post=7851"},{"taxonomy":"post_tag","embeddable":true,"href":"https:\/\/vivresonreve.ch\/index.php?rest_route=%2Fwp%2Fv2%2Ftags&post=7851"}],"curies":[{"name":"wp","href":"https:\/\/api.w.org\/{rel}","templated":true}]}}