{"id":7753,"date":"2025-08-06T09:37:42","date_gmt":"2025-08-06T07:37:42","guid":{"rendered":"https:\/\/vivresonreve.ch\/?p=7753"},"modified":"2025-08-06T09:37:42","modified_gmt":"2025-08-06T07:37:42","slug":"lea-stern-grand-prix-ticino","status":"publish","type":"post","link":"https:\/\/vivresonreve.ch\/?p=7753","title":{"rendered":"L\u00e9a Stern Grand prix Ticino"},"content":{"rendered":"<p>J&rsquo;\u00e9tais au Tessin pour la premi\u00e8re manche de la Coupe Suisse des Femmes, et j&rsquo;ai pris la 2e place intercal\u00e9e entre deux filles qui ont de gros r\u00e9sultats l&rsquo;an dernier chez les pros, ce qui me donne beaucoup de confiance pour la suite ! Tout se passe \u00e0 merveille, m\u00eame si c&rsquo;est parfois compliqu\u00e9 d&rsquo;avoir un calendrier int\u00e9ressant, mon \u00e9quipe \u00e9voluant au niveau \u00ab\u00a0club\u00a0\u00bb.Mais j&rsquo;ai eu une opportunit\u00e9 incroyable qui s&rsquo;est concr\u00e9tis\u00e9e \u00e0 la derni\u00e8re minute : j&rsquo;ai \u00e9t\u00e9 invit\u00e9e \u00e0 l&rsquo;autre bout du monde, en l&rsquo;occurrence\u00a0au Salvador, par le manager de ma toute premi\u00e8re \u00e9quipe. J&rsquo;ai gard\u00e9 pas mal de contacts avec lui. Je pars lundi pour pratiquement 1 mois avec au programme plusieurs courses professionnelles que je disputerai avec une \u00e9quipe locale.J&rsquo;essaierai de donner quelques nouvelles, mais je ne sais pas trop \u00e0 quoi m&rsquo;attendre l\u00e0-bas, \u00e0 dire vrai. Ce sera un peu l&rsquo;aventure ! La vente de caquelon risque de prendre du retard, surtout qu&rsquo;\u00e0 mon retour de France, et avec encore le d\u00e9placement au Tessin au milieu, il a fallu r\u00e9gler vraiment beaucoup de choses pour rendre ce voyage possible. Mais je vais faire au mieux !<\/p>\n<p><a href=\"https:\/\/vivresonreve.ch\/wp-content\/uploads\/2025\/08\/GP_Ticino.jpg\"><img loading=\"lazy\" decoding=\"async\" class=\"aligncenter  wp-image-7754\" src=\"https:\/\/vivresonreve.ch\/wp-content\/uploads\/2025\/08\/GP_Ticino-300x169.jpg\" alt=\"\" width=\"380\" height=\"214\" \/><\/a><\/p>\n","protected":false},"excerpt":{"rendered":"<p>J&rsquo;\u00e9tais au Tessin pour la premi\u00e8re manche de la Coupe Suisse des Femmes, et j&rsquo;ai pris la 2e place intercal\u00e9e entre deux filles qui ont de gros r\u00e9sultats l&rsquo;an dernier chez les pros, ce qui me donne beaucoup de confiance pour la suite ! Tout se passe \u00e0 merveille, m\u00eame si c&rsquo;est parfois compliqu\u00e9 d&rsquo;avoir [&hellip;]<\/p>\n","protected":false},"author":2,"featured_media":0,"comment_status":"open","ping_status":"open","sticky":true,"template":"","format":"standard","meta":{"_et_pb_use_builder":"","_et_pb_old_content":"","_et_gb_content_width":"","footnotes":""},"categories":[11,93,15],"tags":[],"class_list":["post-7753","post","type-post","status-publish","format-standard","hentry","category-association","category-actu-lea-stern","category-sport"],"_links":{"self":[{"href":"https:\/\/vivresonreve.ch\/index.php?rest_route=\/wp\/v2\/posts\/7753","targetHints":{"allow":["GET"]}}],"collection":[{"href":"https:\/\/vivresonreve.ch\/index.php?rest_route=\/wp\/v2\/posts"}],"about":[{"href":"https:\/\/vivresonreve.ch\/index.php?rest_route=\/wp\/v2\/types\/post"}],"author":[{"embeddable":true,"href":"https:\/\/vivresonreve.ch\/index.php?rest_route=\/wp\/v2\/users\/2"}],"replies":[{"embeddable":true,"href":"https:\/\/vivresonreve.ch\/index.php?rest_route=%2Fwp%2Fv2%2Fcomments&post=7753"}],"version-history":[{"count":2,"href":"https:\/\/vivresonreve.ch\/index.php?rest_route=\/wp\/v2\/posts\/7753\/revisions"}],"predecessor-version":[{"id":7756,"href":"https:\/\/vivresonreve.ch\/index.php?rest_route=\/wp\/v2\/posts\/7753\/revisions\/7756"}],"wp:attachment":[{"href":"https:\/\/vivresonreve.ch\/index.php?rest_route=%2Fwp%2Fv2%2Fmedia&parent=7753"}],"wp:term":[{"taxonomy":"category","embeddable":true,"href":"https:\/\/vivresonreve.ch\/index.php?rest_route=%2Fwp%2Fv2%2Fcategories&post=7753"},{"taxonomy":"post_tag","embeddable":true,"href":"https:\/\/vivresonreve.ch\/index.php?rest_route=%2Fwp%2Fv2%2Ftags&post=7753"}],"curies":[{"name":"wp","href":"https:\/\/api.w.org\/{rel}","templated":true}]}}