{"id":7744,"date":"2025-08-06T09:08:42","date_gmt":"2025-08-06T07:08:42","guid":{"rendered":"https:\/\/vivresonreve.ch\/?p=7744"},"modified":"2025-08-06T09:14:03","modified_gmt":"2025-08-06T07:14:03","slug":"jean-pierre-egger-ambassadeur-vivre-son-reve-deces","status":"publish","type":"post","link":"https:\/\/vivresonreve.ch\/?p=7744","title":{"rendered":"Jean-Pierre Egger, Ambassadeur Vivre son R\u00eave (D\u00e9c\u00e8s)"},"content":{"rendered":"<p><span lang=\"fr\" data-olk-copy-source=\"MessageBody\">Nous remercions de tout notre c\u0153ur M. Jean-Pierre Egger, Ambassadeur Vivre son R\u00eave qui \u00e9tait un soutien pr\u00e9cieux pour notre association.<br \/>\n<\/span><span lang=\"fr\">Nous venons d\u2019apprendre la triste nouvelle de son d\u00e9c\u00e8s le 29 juillet 2025, alors qu\u2019il allait f\u00eater ses 82 ans le 30 juillet 2025.<\/span><span lang=\"fr\">Lors de notre manifestation annuelle en 2018 il est<br \/>\nvenu faire une conf\u00e9rence pour la famille Vivre son R\u00eave, un grand homme avec une richesse int\u00e9rieure incroyable et une humanit\u00e9 d\u00e9bordante.<br \/>\n<\/span><span lang=\"fr\">Nous rendons hommage \u00e0 cet homme brillant au c\u0153ur d\u2019or qui a contribu\u00e9 de mani\u00e8re significative au sport suisse et qui a aid\u00e9 de multiples athl\u00e8tes \u00e0 devenir chaque jour meilleur.<br \/>\n<\/span><span lang=\"fr\">Paix \u00e0 son \u00e2me et nos sinc\u00e8res condol\u00e9ances \u00e0 toute sa famille et ses proches.<\/span><\/p>\n<p><span lang=\"fr\">Comit\u00e9 Vivre son R\u00eave<\/span><\/p>\n<p><a href=\"https:\/\/vivresonreve.ch\/wp-content\/uploads\/2025\/08\/JPE.jpg\"><img loading=\"lazy\" decoding=\"async\" class=\"aligncenter size-medium wp-image-7739\" src=\"https:\/\/vivresonreve.ch\/wp-content\/uploads\/2025\/08\/JPE-240x300.jpg\" alt=\"\" width=\"240\" height=\"300\" \/><\/a><\/p>\n<p><a href=\"https:\/\/vivresonreve.ch\/wp-content\/uploads\/2019\/04\/parrain_jean-pierre_egger.jpg\"><img loading=\"lazy\" decoding=\"async\" class=\"aligncenter size-medium wp-image-3206\" src=\"https:\/\/vivresonreve.ch\/wp-content\/uploads\/2019\/04\/parrain_jean-pierre_egger-300x189.jpg\" alt=\"\" width=\"300\" height=\"189\" srcset=\"https:\/\/vivresonreve.ch\/wp-content\/uploads\/2019\/04\/parrain_jean-pierre_egger-300x189.jpg 300w, https:\/\/vivresonreve.ch\/wp-content\/uploads\/2019\/04\/parrain_jean-pierre_egger.jpg 320w\" sizes=\"auto, (max-width: 300px) 100vw, 300px\" \/><\/a><br \/>\n<a href=\"https:\/\/vivresonreve.ch\/wp-content\/uploads\/2018\/11\/DSC03721-2.jpg\"><img loading=\"lazy\" decoding=\"async\" class=\"aligncenter size-medium wp-image-3022\" src=\"https:\/\/vivresonreve.ch\/wp-content\/uploads\/2018\/11\/DSC03721-2-200x300.jpg\" alt=\"\" width=\"200\" height=\"300\" srcset=\"https:\/\/vivresonreve.ch\/wp-content\/uploads\/2018\/11\/DSC03721-2-200x300.jpg 200w, https:\/\/vivresonreve.ch\/wp-content\/uploads\/2018\/11\/DSC03721-2-600x900.jpg 600w, https:\/\/vivresonreve.ch\/wp-content\/uploads\/2018\/11\/DSC03721-2-768x1152.jpg 768w, https:\/\/vivresonreve.ch\/wp-content\/uploads\/2018\/11\/DSC03721-2-682x1024.jpg 682w, https:\/\/vivresonreve.ch\/wp-content\/uploads\/2018\/11\/DSC03721-2.jpg 853w\" sizes=\"auto, (max-width: 200px) 100vw, 200px\" \/><\/a><\/p>\n<p><a href=\"https:\/\/vivresonreve.ch\/wp-content\/uploads\/2018\/11\/DSC03723-2.jpg\"><img loading=\"lazy\" decoding=\"async\" class=\"aligncenter size-medium wp-image-3024\" src=\"https:\/\/vivresonreve.ch\/wp-content\/uploads\/2018\/11\/DSC03723-2-300x200.jpg\" alt=\"\" width=\"300\" height=\"200\" srcset=\"https:\/\/vivresonreve.ch\/wp-content\/uploads\/2018\/11\/DSC03723-2-300x200.jpg 300w, https:\/\/vivresonreve.ch\/wp-content\/uploads\/2018\/11\/DSC03723-2-600x400.jpg 600w, https:\/\/vivresonreve.ch\/wp-content\/uploads\/2018\/11\/DSC03723-2-768x512.jpg 768w, https:\/\/vivresonreve.ch\/wp-content\/uploads\/2018\/11\/DSC03723-2-1024x682.jpg 1024w, https:\/\/vivresonreve.ch\/wp-content\/uploads\/2018\/11\/DSC03723-2-1080x720.jpg 1080w, https:\/\/vivresonreve.ch\/wp-content\/uploads\/2018\/11\/DSC03723-2.jpg 1214w\" sizes=\"auto, (max-width: 300px) 100vw, 300px\" \/><\/a><br \/>\n<a href=\"https:\/\/vivresonreve.ch\/wp-content\/uploads\/2018\/11\/DSC03691-2.jpg\"><img loading=\"lazy\" decoding=\"async\" class=\"aligncenter size-medium wp-image-2996\" src=\"https:\/\/vivresonreve.ch\/wp-content\/uploads\/2018\/11\/DSC03691-2-300x200.jpg\" alt=\"\" width=\"300\" height=\"200\" srcset=\"https:\/\/vivresonreve.ch\/wp-content\/uploads\/2018\/11\/DSC03691-2-300x200.jpg 300w, https:\/\/vivresonreve.ch\/wp-content\/uploads\/2018\/11\/DSC03691-2-600x400.jpg 600w, https:\/\/vivresonreve.ch\/wp-content\/uploads\/2018\/11\/DSC03691-2-768x512.jpg 768w, https:\/\/vivresonreve.ch\/wp-content\/uploads\/2018\/11\/DSC03691-2-1024x682.jpg 1024w, https:\/\/vivresonreve.ch\/wp-content\/uploads\/2018\/11\/DSC03691-2-1080x720.jpg 1080w, https:\/\/vivresonreve.ch\/wp-content\/uploads\/2018\/11\/DSC03691-2.jpg 1214w\" sizes=\"auto, (max-width: 300px) 100vw, 300px\" \/><\/a><\/p>\n","protected":false},"excerpt":{"rendered":"<p>Nous remercions de tout notre c\u0153ur M. Jean-Pierre Egger, Ambassadeur Vivre son R\u00eave qui \u00e9tait un soutien pr\u00e9cieux pour notre association. Nous venons d\u2019apprendre la triste nouvelle de son d\u00e9c\u00e8s le 29 juillet 2025, alors qu\u2019il allait f\u00eater ses 82 ans le 30 juillet 2025.Lors de notre manifestation annuelle en 2018 il est venu faire [&hellip;]<\/p>\n","protected":false},"author":2,"featured_media":0,"comment_status":"open","ping_status":"open","sticky":true,"template":"","format":"standard","meta":{"_et_pb_use_builder":"","_et_pb_old_content":"","_et_gb_content_width":"","footnotes":""},"categories":[90,11,15],"tags":[],"class_list":["post-7744","post","type-post","status-publish","format-standard","hentry","category-ambassadeur-espoir","category-association","category-sport"],"_links":{"self":[{"href":"https:\/\/vivresonreve.ch\/index.php?rest_route=\/wp\/v2\/posts\/7744","targetHints":{"allow":["GET"]}}],"collection":[{"href":"https:\/\/vivresonreve.ch\/index.php?rest_route=\/wp\/v2\/posts"}],"about":[{"href":"https:\/\/vivresonreve.ch\/index.php?rest_route=\/wp\/v2\/types\/post"}],"author":[{"embeddable":true,"href":"https:\/\/vivresonreve.ch\/index.php?rest_route=\/wp\/v2\/users\/2"}],"replies":[{"embeddable":true,"href":"https:\/\/vivresonreve.ch\/index.php?rest_route=%2Fwp%2Fv2%2Fcomments&post=7744"}],"version-history":[{"count":3,"href":"https:\/\/vivresonreve.ch\/index.php?rest_route=\/wp\/v2\/posts\/7744\/revisions"}],"predecessor-version":[{"id":7748,"href":"https:\/\/vivresonreve.ch\/index.php?rest_route=\/wp\/v2\/posts\/7744\/revisions\/7748"}],"wp:attachment":[{"href":"https:\/\/vivresonreve.ch\/index.php?rest_route=%2Fwp%2Fv2%2Fmedia&parent=7744"}],"wp:term":[{"taxonomy":"category","embeddable":true,"href":"https:\/\/vivresonreve.ch\/index.php?rest_route=%2Fwp%2Fv2%2Fcategories&post=7744"},{"taxonomy":"post_tag","embeddable":true,"href":"https:\/\/vivresonreve.ch\/index.php?rest_route=%2Fwp%2Fv2%2Ftags&post=7744"}],"curies":[{"name":"wp","href":"https:\/\/api.w.org\/{rel}","templated":true}]}}