{"id":7721,"date":"2025-06-26T14:26:58","date_gmt":"2025-06-26T12:26:58","guid":{"rendered":"https:\/\/vivresonreve.ch\/?p=7721"},"modified":"2025-06-26T14:26:58","modified_gmt":"2025-06-26T12:26:58","slug":"alanis-siffert-le-bapteme-du-feu-est-plus-que-reussi-ambassadrice-espoir","status":"publish","type":"post","link":"https:\/\/vivresonreve.ch\/?p=7721","title":{"rendered":"Alanis Siffert, le bapt\u00eame du feu est plus que r\u00e9ussi (Ambassadrice Espoir)"},"content":{"rendered":"<p>La Villaroise de 23\u00a0ans est devenue, samedi \u00e0 La Br\u00e9vine, championne de Suisse de Xterra, une version tout-terrain du triathlon qu\u2019elle d\u00e9couvrait en comp\u00e9tition. Sa victoire est d\u2019autant plus belle que son copain Max Studer a remport\u00e9 la course masculine.<br \/>\nremier cross triathlon, la version nature et tout-terrain du \u00abtri\u00bb conventionnel, et premier sacre national pour Alanis Siffert, couronn\u00e9e samedi lors du Xterra Switzerland \u00e0 La Br\u00e9vine. Pour la Villaroise de 23\u00a0ans, l\u2019exp\u00e9rience a \u00e9t\u00e9 d\u2019autant plus belle qu\u2019elle a partag\u00e9 la victoire avec son copain, le Soleurois Max Studer, qui s\u2019est adjug\u00e9 la course masculine. \u00abMon objectif principal \u00e9tait de d\u00e9couvrir une nouvelle discipline, me challenger diff\u00e9remment et, surtout, prendre du plaisir.\u00bb Et d\u2019ajouter: \u00abMe lancer dans quelque chose de nouveau, le vivre avec Max (Studer) ainsi qu\u2019avec nos familles et amis pr\u00e9sents sur place a rendu cette journ\u00e9e encore plus pr\u00e9cieuse.\u00bb<br \/>\nAlanis Siffert a boucl\u00e9 les 1,5\u00a0km de natation, 33\u00a0km \u2013 pour 950\u00a0m de d\u00e9nivellation positive \u2013 de VTT et 10\u00a0km de trail \u00e0 travers les for\u00eats de pins neuch\u00e2teloises en 2\u00a0h\u00a058\u201927. La N\u00e9o-Z\u00e9landaise Elizabeth Orchard et la Polonaise Ana Wer compl\u00e8tent le podium, mais \u00e0 plus de 8\u00a0minutes. Sortie de l\u2019eau \u00e0 24,6 degr\u00e9s du lac des Taill\u00e8res loin devant les autres, la Fribourgeoise ne comptait plus que 1\u201930 d\u2019avance apr\u00e8s le passage \u00e0 VTT, o\u00f9 elle a d\u00fb \u00absortir de sa zone de confort\u00bb, avant de reprendre ses aises baskets aux pieds. Ce titre de championne de Suisse qualifie directement Alanis Siffert pour les mondiaux de la discipline, qui auront lieu en septembre \u00e0 Molveno, en Italie. \u00abAu-del\u00e0 du r\u00e9sultat, reprend-elle, c\u2019est l\u2019aventure humaine et sportive intense que je garderai en m\u00e9moire.\u00bb A deux, n\u2019est-ce pas encore mieux?<\/p>\n<p><a href=\"https:\/\/vivresonreve.ch\/wp-content\/uploads\/2025\/06\/BREVINE.jpg\"><img loading=\"lazy\" decoding=\"async\" class=\"aligncenter  wp-image-7722\" src=\"https:\/\/vivresonreve.ch\/wp-content\/uploads\/2025\/06\/BREVINE-300x172.jpg\" alt=\"\" width=\"351\" height=\"201\" \/><\/a><\/p>\n","protected":false},"excerpt":{"rendered":"<p>La Villaroise de 23\u00a0ans est devenue, samedi \u00e0 La Br\u00e9vine, championne de Suisse de Xterra, une version tout-terrain du triathlon qu\u2019elle d\u00e9couvrait en comp\u00e9tition. Sa victoire est d\u2019autant plus belle que son copain Max Studer a remport\u00e9 la course masculine. remier cross triathlon, la version nature et tout-terrain du \u00abtri\u00bb conventionnel, et premier sacre national [&hellip;]<\/p>\n","protected":false},"author":2,"featured_media":0,"comment_status":"open","ping_status":"open","sticky":true,"template":"","format":"standard","meta":{"_et_pb_use_builder":"","_et_pb_old_content":"","_et_gb_content_width":"","footnotes":""},"categories":[70,90,15],"tags":[],"class_list":["post-7721","post","type-post","status-publish","format-standard","hentry","category-alanis-siffert","category-ambassadeur-espoir","category-sport"],"_links":{"self":[{"href":"https:\/\/vivresonreve.ch\/index.php?rest_route=\/wp\/v2\/posts\/7721","targetHints":{"allow":["GET"]}}],"collection":[{"href":"https:\/\/vivresonreve.ch\/index.php?rest_route=\/wp\/v2\/posts"}],"about":[{"href":"https:\/\/vivresonreve.ch\/index.php?rest_route=\/wp\/v2\/types\/post"}],"author":[{"embeddable":true,"href":"https:\/\/vivresonreve.ch\/index.php?rest_route=\/wp\/v2\/users\/2"}],"replies":[{"embeddable":true,"href":"https:\/\/vivresonreve.ch\/index.php?rest_route=%2Fwp%2Fv2%2Fcomments&post=7721"}],"version-history":[{"count":1,"href":"https:\/\/vivresonreve.ch\/index.php?rest_route=\/wp\/v2\/posts\/7721\/revisions"}],"predecessor-version":[{"id":7723,"href":"https:\/\/vivresonreve.ch\/index.php?rest_route=\/wp\/v2\/posts\/7721\/revisions\/7723"}],"wp:attachment":[{"href":"https:\/\/vivresonreve.ch\/index.php?rest_route=%2Fwp%2Fv2%2Fmedia&parent=7721"}],"wp:term":[{"taxonomy":"category","embeddable":true,"href":"https:\/\/vivresonreve.ch\/index.php?rest_route=%2Fwp%2Fv2%2Fcategories&post=7721"},{"taxonomy":"post_tag","embeddable":true,"href":"https:\/\/vivresonreve.ch\/index.php?rest_route=%2Fwp%2Fv2%2Ftags&post=7721"}],"curies":[{"name":"wp","href":"https:\/\/api.w.org\/{rel}","templated":true}]}}