{"id":7617,"date":"2025-04-04T13:17:40","date_gmt":"2025-04-04T11:17:40","guid":{"rendered":"https:\/\/vivresonreve.ch\/?p=7617"},"modified":"2025-04-04T13:17:40","modified_gmt":"2025-04-04T11:17:40","slug":"tevan-burrin-saison-2024-2025","status":"publish","type":"post","link":"https:\/\/vivresonreve.ch\/?p=7617","title":{"rendered":"Tevan Burrin saison 2024-2025"},"content":{"rendered":"<p>La saison pour nous n\u2019est pas encore termin\u00e9e : un gros bloc de courses de 3 semaines nous attend encore d\u00e8s la fin du mois et je me r\u00e9jouis de ces courses- \u00e0\u00a0 !J \u2019ai bien d\u00e9marr\u00e9 ma saison mi-novembre \u00e0 Diavolezza mais malheureusement, fin novembre, une vilaine chute \u00e0 l&rsquo;entra\u00eenement \u00e0 Zinal m\u2019a mis hors circuit quelques semaines. La confiance a \u00e9t\u00e9 dure \u00e0 retrouver. .Globalement, j\u2019ai fait jusqu\u2019\u00e0 aujourd\u2019hui une relativement bonne saison m\u00eame si sur certaines courses, je reste sur ma faim. Le monde de la FIS est dur, il faut se battre, surtout pour nous les plus jeunes qui avons les dossards les plus \u00e9lev\u00e9s (100 \u00e0 120 parfois) et partons \u00e0 la fin sur un trac\u00e9 bien entam\u00e9 ! Mais je me bats ! Mon meilleur r\u00e9sultat \u00e9tait il y a une semaine, une 16e place en slalom, avec un 9e temps de 2e manche.<\/p>\n","protected":false},"excerpt":{"rendered":"<p>La saison pour nous n\u2019est pas encore termin\u00e9e : un gros bloc de courses de 3 semaines nous attend encore d\u00e8s la fin du mois et je me r\u00e9jouis de ces courses- \u00e0\u00a0 !J \u2019ai bien d\u00e9marr\u00e9 ma saison mi-novembre \u00e0 Diavolezza mais malheureusement, fin novembre, une vilaine chute \u00e0 l&rsquo;entra\u00eenement \u00e0 Zinal m\u2019a mis [&hellip;]<\/p>\n","protected":false},"author":2,"featured_media":0,"comment_status":"open","ping_status":"open","sticky":true,"template":"","format":"standard","meta":{"_et_pb_use_builder":"","_et_pb_old_content":"","_et_gb_content_width":"","footnotes":""},"categories":[11,15,95],"tags":[],"class_list":["post-7617","post","type-post","status-publish","format-standard","hentry","category-association","category-sport","category-actu-tevan-burin"],"_links":{"self":[{"href":"https:\/\/vivresonreve.ch\/index.php?rest_route=\/wp\/v2\/posts\/7617","targetHints":{"allow":["GET"]}}],"collection":[{"href":"https:\/\/vivresonreve.ch\/index.php?rest_route=\/wp\/v2\/posts"}],"about":[{"href":"https:\/\/vivresonreve.ch\/index.php?rest_route=\/wp\/v2\/types\/post"}],"author":[{"embeddable":true,"href":"https:\/\/vivresonreve.ch\/index.php?rest_route=\/wp\/v2\/users\/2"}],"replies":[{"embeddable":true,"href":"https:\/\/vivresonreve.ch\/index.php?rest_route=%2Fwp%2Fv2%2Fcomments&post=7617"}],"version-history":[{"count":1,"href":"https:\/\/vivresonreve.ch\/index.php?rest_route=\/wp\/v2\/posts\/7617\/revisions"}],"predecessor-version":[{"id":7618,"href":"https:\/\/vivresonreve.ch\/index.php?rest_route=\/wp\/v2\/posts\/7617\/revisions\/7618"}],"wp:attachment":[{"href":"https:\/\/vivresonreve.ch\/index.php?rest_route=%2Fwp%2Fv2%2Fmedia&parent=7617"}],"wp:term":[{"taxonomy":"category","embeddable":true,"href":"https:\/\/vivresonreve.ch\/index.php?rest_route=%2Fwp%2Fv2%2Fcategories&post=7617"},{"taxonomy":"post_tag","embeddable":true,"href":"https:\/\/vivresonreve.ch\/index.php?rest_route=%2Fwp%2Fv2%2Ftags&post=7617"}],"curies":[{"name":"wp","href":"https:\/\/api.w.org\/{rel}","templated":true}]}}