{"id":7581,"date":"2025-03-12T16:49:33","date_gmt":"2025-03-12T14:49:33","guid":{"rendered":"https:\/\/vivresonreve.ch\/?p=7581"},"modified":"2025-03-12T16:49:33","modified_gmt":"2025-03-12T14:49:33","slug":"lea-stern-sur-la-premiere-marche-du-podium","status":"publish","type":"post","link":"https:\/\/vivresonreve.ch\/?p=7581","title":{"rendered":"L\u00e9a Stern sur la premi\u00e8re marche du podium"},"content":{"rendered":"<h2 class=\"page-title\">La Bulloise L\u00e9a Stern sur la premi\u00e8re marche du podium de l&rsquo;Altitude Tour Gard f\u00e9minin<\/h2>\n<p>L\u00e9a Stern a remport\u00e9 dimanche le classement g\u00e9n\u00e9ral de l\u2019Altitude Tour Gard f\u00e9minin. Vainqueure de la premi\u00e8re \u00e9tape en solitaire samedi, la Bulloise de 23 ans a parfaitement g\u00e9r\u00e9 son avantage dans des conditions dantesques.<\/p>\n<p><a href=\"https:\/\/vivresonreve.ch\/wp-content\/uploads\/2025\/03\/LEA-GAGNANTE.png\"><img loading=\"lazy\" decoding=\"async\" class=\"aligncenter size-medium wp-image-7584\" src=\"https:\/\/vivresonreve.ch\/wp-content\/uploads\/2025\/03\/LEA-GAGNANTE-300x196.png\" alt=\"\" width=\"300\" height=\"196\" \/><\/a><\/p>\n","protected":false},"excerpt":{"rendered":"<p>La Bulloise L\u00e9a Stern sur la premi\u00e8re marche du podium de l&rsquo;Altitude Tour Gard f\u00e9minin L\u00e9a Stern a remport\u00e9 dimanche le classement g\u00e9n\u00e9ral de l\u2019Altitude Tour Gard f\u00e9minin. Vainqueure de la premi\u00e8re \u00e9tape en solitaire samedi, la Bulloise de 23 ans a parfaitement g\u00e9r\u00e9 son avantage dans des conditions dantesques.<\/p>\n","protected":false},"author":2,"featured_media":0,"comment_status":"open","ping_status":"open","sticky":true,"template":"","format":"standard","meta":{"_et_pb_use_builder":"","_et_pb_old_content":"","_et_gb_content_width":"","footnotes":""},"categories":[11,93,15],"tags":[],"class_list":["post-7581","post","type-post","status-publish","format-standard","hentry","category-association","category-actu-lea-stern","category-sport"],"_links":{"self":[{"href":"https:\/\/vivresonreve.ch\/index.php?rest_route=\/wp\/v2\/posts\/7581","targetHints":{"allow":["GET"]}}],"collection":[{"href":"https:\/\/vivresonreve.ch\/index.php?rest_route=\/wp\/v2\/posts"}],"about":[{"href":"https:\/\/vivresonreve.ch\/index.php?rest_route=\/wp\/v2\/types\/post"}],"author":[{"embeddable":true,"href":"https:\/\/vivresonreve.ch\/index.php?rest_route=\/wp\/v2\/users\/2"}],"replies":[{"embeddable":true,"href":"https:\/\/vivresonreve.ch\/index.php?rest_route=%2Fwp%2Fv2%2Fcomments&post=7581"}],"version-history":[{"count":3,"href":"https:\/\/vivresonreve.ch\/index.php?rest_route=\/wp\/v2\/posts\/7581\/revisions"}],"predecessor-version":[{"id":7585,"href":"https:\/\/vivresonreve.ch\/index.php?rest_route=\/wp\/v2\/posts\/7581\/revisions\/7585"}],"wp:attachment":[{"href":"https:\/\/vivresonreve.ch\/index.php?rest_route=%2Fwp%2Fv2%2Fmedia&parent=7581"}],"wp:term":[{"taxonomy":"category","embeddable":true,"href":"https:\/\/vivresonreve.ch\/index.php?rest_route=%2Fwp%2Fv2%2Fcategories&post=7581"},{"taxonomy":"post_tag","embeddable":true,"href":"https:\/\/vivresonreve.ch\/index.php?rest_route=%2Fwp%2Fv2%2Ftags&post=7581"}],"curies":[{"name":"wp","href":"https:\/\/api.w.org\/{rel}","templated":true}]}}