{"id":7570,"date":"2025-03-06T10:31:08","date_gmt":"2025-03-06T08:31:08","guid":{"rendered":"https:\/\/vivresonreve.ch\/?p=7570"},"modified":"2025-03-06T10:32:22","modified_gmt":"2025-03-06T08:32:22","slug":"remi-bonnet-champion-du-monde-ambassadeur-espoir","status":"publish","type":"post","link":"https:\/\/vivresonreve.ch\/?p=7570","title":{"rendered":"R\u00e9mi Bonnet champion du monde (Ambassadeur espoir)"},"content":{"rendered":"<h2 class=\"heading-1-3xl dark:text-gray-200\"><span class=\"text-primary dark:text-primary-300\">C\u2019est plaisant d\u2019entrer dans l\u2019histoire : <\/span>R\u00e9mi Bonnet devient triple champion du monde de verticale<\/h2>\n<h3 class=\"paragraph-2-lg mt-6 dark:text-gray-200\">Tout frais trentenaire, R\u00e9mi Bonnet a survol\u00e9 la verticale des mondiaux de ski-alpinisme, mardi soir \u00e0 Morgins, comme pr\u00e9vu. Il a sign\u00e9 sa 20\u00e8me victoire d\u2019affil\u00e9e au niveau mondial dans sa discipline de pr\u00e9dilection !<\/h3>\n<p>&nbsp;<\/p>\n","protected":false},"excerpt":{"rendered":"<p>C\u2019est plaisant d\u2019entrer dans l\u2019histoire : R\u00e9mi Bonnet devient triple champion du monde de verticale Tout frais trentenaire, R\u00e9mi Bonnet a survol\u00e9 la verticale des mondiaux de ski-alpinisme, mardi soir \u00e0 Morgins, comme pr\u00e9vu. Il a sign\u00e9 sa 20\u00e8me victoire d\u2019affil\u00e9e au niveau mondial dans sa discipline de pr\u00e9dilection ! &nbsp;<\/p>\n","protected":false},"author":2,"featured_media":0,"comment_status":"open","ping_status":"open","sticky":true,"template":"","format":"standard","meta":{"_et_pb_use_builder":"","_et_pb_old_content":"","_et_gb_content_width":"","footnotes":""},"categories":[90,11,92,15],"tags":[],"class_list":["post-7570","post","type-post","status-publish","format-standard","hentry","category-ambassadeur-espoir","category-association","category-remi-bonnet","category-sport"],"_links":{"self":[{"href":"https:\/\/vivresonreve.ch\/index.php?rest_route=\/wp\/v2\/posts\/7570","targetHints":{"allow":["GET"]}}],"collection":[{"href":"https:\/\/vivresonreve.ch\/index.php?rest_route=\/wp\/v2\/posts"}],"about":[{"href":"https:\/\/vivresonreve.ch\/index.php?rest_route=\/wp\/v2\/types\/post"}],"author":[{"embeddable":true,"href":"https:\/\/vivresonreve.ch\/index.php?rest_route=\/wp\/v2\/users\/2"}],"replies":[{"embeddable":true,"href":"https:\/\/vivresonreve.ch\/index.php?rest_route=%2Fwp%2Fv2%2Fcomments&post=7570"}],"version-history":[{"count":3,"href":"https:\/\/vivresonreve.ch\/index.php?rest_route=\/wp\/v2\/posts\/7570\/revisions"}],"predecessor-version":[{"id":7573,"href":"https:\/\/vivresonreve.ch\/index.php?rest_route=\/wp\/v2\/posts\/7570\/revisions\/7573"}],"wp:attachment":[{"href":"https:\/\/vivresonreve.ch\/index.php?rest_route=%2Fwp%2Fv2%2Fmedia&parent=7570"}],"wp:term":[{"taxonomy":"category","embeddable":true,"href":"https:\/\/vivresonreve.ch\/index.php?rest_route=%2Fwp%2Fv2%2Fcategories&post=7570"},{"taxonomy":"post_tag","embeddable":true,"href":"https:\/\/vivresonreve.ch\/index.php?rest_route=%2Fwp%2Fv2%2Ftags&post=7570"}],"curies":[{"name":"wp","href":"https:\/\/api.w.org\/{rel}","templated":true}]}}