{"id":7467,"date":"2025-01-13T18:22:45","date_gmt":"2025-01-13T16:22:45","guid":{"rendered":"https:\/\/vivresonreve.ch\/?p=7467"},"modified":"2025-03-06T10:32:01","modified_gmt":"2025-03-06T08:32:01","slug":"remi-bonnet-intouchable-ambassadeur-espoir-2","status":"publish","type":"post","link":"https:\/\/vivresonreve.ch\/?p=7467","title":{"rendered":"R\u00e9mi Bonnet intouchable (Ambassadeur espoir)"},"content":{"rendered":"<p class=\"heading-1-3xl dark:text-gray-200\"><span class=\"text-primary dark:text-primary-300\">Coupe du monde de ski-alpinisme.\u00a0<\/span>R\u00e9mi Bonnet s\u2019adjuge aussi l\u2019individuelle<\/p>\n<p class=\"paragraph-2-lg mt-6 dark:text-gray-200\">Le Gru\u00e9rien de 29\u00a0ans a fait coup double, en Azerba\u00efdjan.\u00a0Deux jours apr\u00e8s son succ\u00e8s sur la verticale, il a remport\u00e9 l\u2019individuelle, ce lundi.<\/p>\n<div class=\"mt-6\">\n<div class=\"hidden items-center space-x-3 md:flex\">\n<div class=\"flex space-x-1.5\">\n<div class=\"flex size-10 items-center justify-center rounded-full border border-solid border-gray-300 bg-white transition-all hover:border-gray-600 dark:border-gray-800 dark:bg-transparent dark:hover:border-gray-700 [.theme--le-messager_&amp;]:border-0 [.theme--le-messager_&amp;]:bg-secondary-100 [.theme--le-messager_&amp;]:dark:bg-gray-850\"><\/div>\n<div class=\"flex size-10 items-center justify-center rounded-full border border-solid border-gray-300 bg-white transition-all hover:border-gray-600 dark:border-gray-800 dark:bg-transparent dark:hover:border-gray-700 [.theme--le-messager_&amp;]:border-0 [.theme--le-messager_&amp;]:bg-secondary-100 [.theme--le-messager_&amp;]:dark:bg-gray-850\"><\/div>\n<div class=\"flex size-10 items-center justify-center rounded-full border border-solid border-gray-300 bg-white transition-all hover:border-gray-600 dark:border-gray-800 dark:bg-transparent dark:hover:border-gray-700 [.theme--le-messager_&amp;]:border-0 [.theme--le-messager_&amp;]:bg-secondary-100 [.theme--le-messager_&amp;]:dark:bg-gray-850\"><\/div>\n<div class=\"flex size-10 items-center justify-center rounded-full border border-solid border-gray-300 bg-white transition-all hover:border-gray-600 dark:border-gray-800 dark:bg-transparent dark:hover:border-gray-700 [.theme--le-messager_&amp;]:border-0 [.theme--le-messager_&amp;]:bg-secondary-100 [.theme--le-messager_&amp;]:dark:bg-gray-850\"><\/div>\n<\/div>\n<p class=\"caps-2xs text-gray-900 dark:text-gray-200\">Part<\/p>\n<\/div>\n<\/div>\n","protected":false},"excerpt":{"rendered":"<p>Coupe du monde de ski-alpinisme.\u00a0R\u00e9mi Bonnet s\u2019adjuge aussi l\u2019individuelle Le Gru\u00e9rien de 29\u00a0ans a fait coup double, en Azerba\u00efdjan.\u00a0Deux jours apr\u00e8s son succ\u00e8s sur la verticale, il a remport\u00e9 l\u2019individuelle, ce lundi. Part<\/p>\n","protected":false},"author":2,"featured_media":0,"comment_status":"open","ping_status":"open","sticky":true,"template":"","format":"standard","meta":{"_et_pb_use_builder":"","_et_pb_old_content":"","_et_gb_content_width":"","footnotes":""},"categories":[90,11,92,15],"tags":[],"class_list":["post-7467","post","type-post","status-publish","format-standard","hentry","category-ambassadeur-espoir","category-association","category-remi-bonnet","category-sport"],"_links":{"self":[{"href":"https:\/\/vivresonreve.ch\/index.php?rest_route=\/wp\/v2\/posts\/7467","targetHints":{"allow":["GET"]}}],"collection":[{"href":"https:\/\/vivresonreve.ch\/index.php?rest_route=\/wp\/v2\/posts"}],"about":[{"href":"https:\/\/vivresonreve.ch\/index.php?rest_route=\/wp\/v2\/types\/post"}],"author":[{"embeddable":true,"href":"https:\/\/vivresonreve.ch\/index.php?rest_route=\/wp\/v2\/users\/2"}],"replies":[{"embeddable":true,"href":"https:\/\/vivresonreve.ch\/index.php?rest_route=%2Fwp%2Fv2%2Fcomments&post=7467"}],"version-history":[{"count":1,"href":"https:\/\/vivresonreve.ch\/index.php?rest_route=\/wp\/v2\/posts\/7467\/revisions"}],"predecessor-version":[{"id":7468,"href":"https:\/\/vivresonreve.ch\/index.php?rest_route=\/wp\/v2\/posts\/7467\/revisions\/7468"}],"wp:attachment":[{"href":"https:\/\/vivresonreve.ch\/index.php?rest_route=%2Fwp%2Fv2%2Fmedia&parent=7467"}],"wp:term":[{"taxonomy":"category","embeddable":true,"href":"https:\/\/vivresonreve.ch\/index.php?rest_route=%2Fwp%2Fv2%2Fcategories&post=7467"},{"taxonomy":"post_tag","embeddable":true,"href":"https:\/\/vivresonreve.ch\/index.php?rest_route=%2Fwp%2Fv2%2Ftags&post=7467"}],"curies":[{"name":"wp","href":"https:\/\/api.w.org\/{rel}","templated":true}]}}