{"id":7441,"date":"2024-12-16T10:13:15","date_gmt":"2024-12-16T08:13:15","guid":{"rendered":"https:\/\/vivresonreve.ch\/?p=7441"},"modified":"2024-12-16T10:14:02","modified_gmt":"2024-12-16T08:14:02","slug":"debuts-parfaits-pour-remi-bonnet-vainqueur-a-courchevel-ambassadeur-espoir","status":"publish","type":"post","link":"https:\/\/vivresonreve.ch\/?p=7441","title":{"rendered":"R\u00e9mi Bonnet, vainqueur \u00e0 Courchevel (Ambassadeur espoir)"},"content":{"rendered":"<p>Le Charmeysan a remport\u00e9 la course verticale de Courchevel, ce dimanche, avec pr\u00e8s de deux minutes d\u2019avance sur son dauphin.<br \/>\nTrenti\u00e8me victoire en carri\u00e8re, record du parcours de Courchevel \u00e0 la cl\u00e9 : la saison de Coupe du monde de R\u00e9mi Bonnet ne pouvait mieux commencer. Comme il en a l\u2019habitude, le Charmeysan de 29\u00a0ans a \u00e9cras\u00e9 la verticale ce dimanche (520\u00a0m de d\u00a0+), vainqueur en 19\u201947, avec 1\u201950 d\u2019avance sur son dauphin, le Valaisan Aur\u00e9lien Gay.<\/p>\n<p><a href=\"https:\/\/vivresonreve.ch\/wp-content\/uploads\/2024\/12\/REMI2024.jpg\"><img loading=\"lazy\" decoding=\"async\" class=\"aligncenter size-medium wp-image-7443\" src=\"https:\/\/vivresonreve.ch\/wp-content\/uploads\/2024\/12\/REMI2024-300x261.jpg\" alt=\"\" width=\"300\" height=\"261\" \/><\/a><\/p>\n","protected":false},"excerpt":{"rendered":"<p>Le Charmeysan a remport\u00e9 la course verticale de Courchevel, ce dimanche, avec pr\u00e8s de deux minutes d\u2019avance sur son dauphin. Trenti\u00e8me victoire en carri\u00e8re, record du parcours de Courchevel \u00e0 la cl\u00e9 : la saison de Coupe du monde de R\u00e9mi Bonnet ne pouvait mieux commencer. Comme il en a l\u2019habitude, le Charmeysan de 29\u00a0ans [&hellip;]<\/p>\n","protected":false},"author":2,"featured_media":0,"comment_status":"open","ping_status":"open","sticky":true,"template":"","format":"standard","meta":{"_et_pb_use_builder":"","_et_pb_old_content":"","_et_gb_content_width":"","footnotes":""},"categories":[92,15],"tags":[],"class_list":["post-7441","post","type-post","status-publish","format-standard","hentry","category-remi-bonnet","category-sport"],"_links":{"self":[{"href":"https:\/\/vivresonreve.ch\/index.php?rest_route=\/wp\/v2\/posts\/7441","targetHints":{"allow":["GET"]}}],"collection":[{"href":"https:\/\/vivresonreve.ch\/index.php?rest_route=\/wp\/v2\/posts"}],"about":[{"href":"https:\/\/vivresonreve.ch\/index.php?rest_route=\/wp\/v2\/types\/post"}],"author":[{"embeddable":true,"href":"https:\/\/vivresonreve.ch\/index.php?rest_route=\/wp\/v2\/users\/2"}],"replies":[{"embeddable":true,"href":"https:\/\/vivresonreve.ch\/index.php?rest_route=%2Fwp%2Fv2%2Fcomments&post=7441"}],"version-history":[{"count":2,"href":"https:\/\/vivresonreve.ch\/index.php?rest_route=\/wp\/v2\/posts\/7441\/revisions"}],"predecessor-version":[{"id":7445,"href":"https:\/\/vivresonreve.ch\/index.php?rest_route=\/wp\/v2\/posts\/7441\/revisions\/7445"}],"wp:attachment":[{"href":"https:\/\/vivresonreve.ch\/index.php?rest_route=%2Fwp%2Fv2%2Fmedia&parent=7441"}],"wp:term":[{"taxonomy":"category","embeddable":true,"href":"https:\/\/vivresonreve.ch\/index.php?rest_route=%2Fwp%2Fv2%2Fcategories&post=7441"},{"taxonomy":"post_tag","embeddable":true,"href":"https:\/\/vivresonreve.ch\/index.php?rest_route=%2Fwp%2Fv2%2Ftags&post=7441"}],"curies":[{"name":"wp","href":"https:\/\/api.w.org\/{rel}","templated":true}]}}