{"id":7438,"date":"2024-12-07T12:59:48","date_gmt":"2024-12-07T10:59:48","guid":{"rendered":"https:\/\/vivresonreve.ch\/?p=7438"},"modified":"2024-12-07T13:00:04","modified_gmt":"2024-12-07T11:00:04","slug":"arnaud-boisset-besoin-dun-peu-de-repos-ambassadeur-espoir","status":"publish","type":"post","link":"https:\/\/vivresonreve.ch\/?p=7438","title":{"rendered":"Arnaud Boisset : \u00abBesoin d&rsquo;un peu de repos\u00bb (Ambassadeur espoir)"},"content":{"rendered":"<p>Arnaud Boisset : \u00abBesoin d&rsquo;un peu de repos\u00bb<br \/>\nDe son c\u00f4t\u00e9, Arnaud Boisset a donn\u00e9 des nouvelles rassurantes apr\u00e8s sa terrible chute lors de la descente de Beaver Creek. Sur les r\u00e9seaux sociaux, le Valaisan a publi\u00e9 une photo de lui \u00e0 l&rsquo;h\u00f4pital accompagn\u00e9e du message : \u00ab Je vais bien compte tenu des circonstances. J&rsquo;ai juste besoin d&rsquo;un peu de repos. \u00bb<br \/>\n\u00abLes premiers examens effectu\u00e9s sur place ont r\u00e9v\u00e9l\u00e9 une commotion c\u00e9r\u00e9brale ainsi que des contusions au visage et \u00e0 l\u2019\u00e9paule \u00bb, indique Swiss-Ski dans un communiqu\u00e9.<br \/>\nLe Martignerain, victime d&rsquo;une violente cabriole vendredi sur le bas du parcours, \u00e0 la r\u00e9ception d&rsquo;un saut, va rentrer en Suisse pour des examens compl\u00e9mentaires. La date de son retour sur les skis n&rsquo;est pas pr\u00e9cis\u00e9e.<\/p>\n","protected":false},"excerpt":{"rendered":"<p>Arnaud Boisset : \u00abBesoin d&rsquo;un peu de repos\u00bb De son c\u00f4t\u00e9, Arnaud Boisset a donn\u00e9 des nouvelles rassurantes apr\u00e8s sa terrible chute lors de la descente de Beaver Creek. Sur les r\u00e9seaux sociaux, le Valaisan a publi\u00e9 une photo de lui \u00e0 l&rsquo;h\u00f4pital accompagn\u00e9e du message : \u00ab Je vais bien compte tenu des circonstances. [&hellip;]<\/p>\n","protected":false},"author":2,"featured_media":0,"comment_status":"open","ping_status":"open","sticky":true,"template":"","format":"standard","meta":{"_et_pb_use_builder":"","_et_pb_old_content":"","_et_gb_content_width":"","footnotes":""},"categories":[90,30,15],"tags":[],"class_list":["post-7438","post","type-post","status-publish","format-standard","hentry","category-ambassadeur-espoir","category-arnaud-boisset","category-sport"],"_links":{"self":[{"href":"https:\/\/vivresonreve.ch\/index.php?rest_route=\/wp\/v2\/posts\/7438","targetHints":{"allow":["GET"]}}],"collection":[{"href":"https:\/\/vivresonreve.ch\/index.php?rest_route=\/wp\/v2\/posts"}],"about":[{"href":"https:\/\/vivresonreve.ch\/index.php?rest_route=\/wp\/v2\/types\/post"}],"author":[{"embeddable":true,"href":"https:\/\/vivresonreve.ch\/index.php?rest_route=\/wp\/v2\/users\/2"}],"replies":[{"embeddable":true,"href":"https:\/\/vivresonreve.ch\/index.php?rest_route=%2Fwp%2Fv2%2Fcomments&post=7438"}],"version-history":[{"count":1,"href":"https:\/\/vivresonreve.ch\/index.php?rest_route=\/wp\/v2\/posts\/7438\/revisions"}],"predecessor-version":[{"id":7439,"href":"https:\/\/vivresonreve.ch\/index.php?rest_route=\/wp\/v2\/posts\/7438\/revisions\/7439"}],"wp:attachment":[{"href":"https:\/\/vivresonreve.ch\/index.php?rest_route=%2Fwp%2Fv2%2Fmedia&parent=7438"}],"wp:term":[{"taxonomy":"category","embeddable":true,"href":"https:\/\/vivresonreve.ch\/index.php?rest_route=%2Fwp%2Fv2%2Fcategories&post=7438"},{"taxonomy":"post_tag","embeddable":true,"href":"https:\/\/vivresonreve.ch\/index.php?rest_route=%2Fwp%2Fv2%2Ftags&post=7438"}],"curies":[{"name":"wp","href":"https:\/\/api.w.org\/{rel}","templated":true}]}}