{"id":7436,"date":"2024-12-05T11:18:31","date_gmt":"2024-12-05T09:18:31","guid":{"rendered":"https:\/\/vivresonreve.ch\/?p=7436"},"modified":"2024-12-05T11:18:54","modified_gmt":"2024-12-05T09:18:54","slug":"arnaud-boisset-la-revelation-doit-devenir-confirmation-ambassadeur-espoir","status":"publish","type":"post","link":"https:\/\/vivresonreve.ch\/?p=7436","title":{"rendered":"Arnaud Boisset, la r\u00e9v\u00e9lation doit devenir confirmation (Ambassadeur espoir)"},"content":{"rendered":"<p>Apr\u00e8s un brillant premier hiver en Coupe du monde, Arnaud Boisset s&rsquo;attaque \u00e0 sa seconde saison. Le Valaisan est ambitieux avant les premi\u00e8res \u00e9preuves de Beaver Creek o\u00f9 il sera engag\u00e9 en descente et en super-G.<br \/>\nLe d\u00e9cor est le m\u00eame qu\u2019il y a douze mois. Sur les hauteurs du Colorado, la neige a progressivement saupoudr\u00e9 les p\u00e9pins des Rocheuses. Toutefois, la m\u00e9t\u00e9o est diff\u00e9rente, le soleil a remplac\u00e9 la temp\u00eate qui avait contraint \u00e0 l\u2019annulation des courses de Beaver Creek il y a un an, mais surtout Arnaud Boisset n\u2019est plus un jeune novice sur le front de la Coupe du monde et aborde son second hiver parmi l\u2019\u00e9lite avec un nouveau statut.<br \/>\nLe Valaisan de 26 ans est d\u00e9sormais un athl\u00e8te confirm\u00e9 sur le Cirque blanc apr\u00e8s \u00ab une premi\u00e8re ann\u00e9e de r\u00eave \u00bb, comme il la d\u00e9crit, progressant lors de chacune de ses sorties. \u00ab J\u2019ai d\u00e9couvert la Coupe du monde, les bonnes performances. Il y a eu le top 10 \u00e0 Kitzb\u00fchel (9e) en descente, puis ce podium \u00e0 Saalbach en super-G. Il y avait beaucoup d\u2019enthousiasme et, \u00e0 chaque fois, un niveau \u00e9motionnel plus \u00e9lev\u00e9. \u00bb<\/p>\n","protected":false},"excerpt":{"rendered":"<p>Apr\u00e8s un brillant premier hiver en Coupe du monde, Arnaud Boisset s&rsquo;attaque \u00e0 sa seconde saison. Le Valaisan est ambitieux avant les premi\u00e8res \u00e9preuves de Beaver Creek o\u00f9 il sera engag\u00e9 en descente et en super-G. Le d\u00e9cor est le m\u00eame qu\u2019il y a douze mois. Sur les hauteurs du Colorado, la neige a progressivement [&hellip;]<\/p>\n","protected":false},"author":2,"featured_media":0,"comment_status":"open","ping_status":"open","sticky":true,"template":"","format":"standard","meta":{"_et_pb_use_builder":"","_et_pb_old_content":"","_et_gb_content_width":"","footnotes":""},"categories":[90,30,15],"tags":[],"class_list":["post-7436","post","type-post","status-publish","format-standard","hentry","category-ambassadeur-espoir","category-arnaud-boisset","category-sport"],"_links":{"self":[{"href":"https:\/\/vivresonreve.ch\/index.php?rest_route=\/wp\/v2\/posts\/7436","targetHints":{"allow":["GET"]}}],"collection":[{"href":"https:\/\/vivresonreve.ch\/index.php?rest_route=\/wp\/v2\/posts"}],"about":[{"href":"https:\/\/vivresonreve.ch\/index.php?rest_route=\/wp\/v2\/types\/post"}],"author":[{"embeddable":true,"href":"https:\/\/vivresonreve.ch\/index.php?rest_route=\/wp\/v2\/users\/2"}],"replies":[{"embeddable":true,"href":"https:\/\/vivresonreve.ch\/index.php?rest_route=%2Fwp%2Fv2%2Fcomments&post=7436"}],"version-history":[{"count":1,"href":"https:\/\/vivresonreve.ch\/index.php?rest_route=\/wp\/v2\/posts\/7436\/revisions"}],"predecessor-version":[{"id":7437,"href":"https:\/\/vivresonreve.ch\/index.php?rest_route=\/wp\/v2\/posts\/7436\/revisions\/7437"}],"wp:attachment":[{"href":"https:\/\/vivresonreve.ch\/index.php?rest_route=%2Fwp%2Fv2%2Fmedia&parent=7436"}],"wp:term":[{"taxonomy":"category","embeddable":true,"href":"https:\/\/vivresonreve.ch\/index.php?rest_route=%2Fwp%2Fv2%2Fcategories&post=7436"},{"taxonomy":"post_tag","embeddable":true,"href":"https:\/\/vivresonreve.ch\/index.php?rest_route=%2Fwp%2Fv2%2Ftags&post=7436"}],"curies":[{"name":"wp","href":"https:\/\/api.w.org\/{rel}","templated":true}]}}