{"id":7340,"date":"2024-11-14T11:44:05","date_gmt":"2024-11-14T09:44:05","guid":{"rendered":"https:\/\/vivresonreve.ch\/?p=7340"},"modified":"2024-12-05T11:19:42","modified_gmt":"2024-12-05T09:19:42","slug":"alanis-siffert-challenge-peguera-mallorca-victoire-et-record-du-parcours","status":"publish","type":"post","link":"https:\/\/vivresonreve.ch\/?p=7340","title":{"rendered":"Alanis Siffert Challenge Peguera-Mallorca Victoire et record du parcours"},"content":{"rendered":"<p>Victoire et record du parcours<\/p>\n<p>Le parcours \u00e9tait magnifique. La natation s\u2019est d\u00e9roul\u00e9e dans une eau cristalline, avec des vagues et une sortie \u00e0 l\u2019australienne, tout ce que j\u2019adore ! J\u2019ai vraiment pu me faire plaisir dans l\u2019eau, mais il fallait bien rester concentr\u00e9 pour garder le cap avec les vagues.<br \/>\nLe parcours v\u00e9lo \u00e9tait tr\u00e8s vari\u00e9, avec de belles mont\u00e9es et des sections techniques. Sur les deux tours de 45 km, j\u2019ai men\u00e9 une belle bataille avec Lisa Norden, m\u00e9daill\u00e9e d\u2019argent aux Jeux de Londres, \u00e7a m\u2019a pouss\u00e9e \u00e0 donner le meilleur de moi-m\u00eame. Le parcours v\u00e9lo \u00e9tait enti\u00e8rement ferm\u00e9 \u00e0 la circulation, ce qui assurait une s\u00e9curit\u00e9 optimale pour tous les athl\u00e8tes. Un grand merci \u00e0 l\u2019organisation pour cet engagement exceptionnel.<br \/>\nLa course \u00e0 pied, quant \u00e0 elle, a \u00e9t\u00e9 le point fort de la journ\u00e9e ! Quatre boucles au c\u0153ur de la petite ville de Peguera, dans les ruelles et le long de la plage. Les Majorquins et les touristes \u00e9taient tous l\u00e0 pour encourager, cr\u00e9ant une ambiance de folie. Le parcours \u00e9tait rude, avec de nombreux changements de rythme : U-turns, mont\u00e9es, descentes, faux plats, et un long bout droit sous le soleil le long de la plage. Sur le premier tour, j\u2019\u00e9tais au coude-\u00e0-coude avec Lisa Norden, mais j\u2019ai ensuite r\u00e9ussi \u00e0 prendre la t\u00eate et \u00e0 creuser l\u2019\u00e9cart.<br \/>\nJe ne peux pas vous dire \u00e0 quel point le soutien de mes parents, de mon fr\u00e8re et de Marco m\u2019a aid\u00e9e ! Ils \u00e9taient l\u00e0, pr\u00e9sents et \u00e7a m\u2019a donn\u00e9 un surplus d\u2019\u00e9nergie et de motivation \u00e9norme. Le public et les autres athl\u00e8tes m\u2019ont \u00e9galement port\u00e9e, me permettant d\u2019aller chercher au plus profond de moi pour d\u00e9crocher cette victoire m\u00e9morable et battre le record du parcours. C\u2019est un honneur immense d\u2019avoir battu le record de la course, d\u00e9tenu par mon mod\u00e8le et mentor Nicola Spirig depuis 2021. Je suis tellement reconnaissante pour ce moment m\u00e9morable !<br \/>\nJ\u2019ai franchi la ligne d\u2019arriv\u00e9e avec un temps de 4:10:21. Un moment inoubliable, port\u00e9 par un public en feu ! J\u2019ai ador\u00e9 chaque instant de la course, du d\u00e9but \u00e0 la fin. La veille de la course, j\u2019avais vu le tableau des records, mais honn\u00eatement, je ne m\u2019attendais pas du tout \u00e0 finir premi\u00e8re, surtout avec une telle concurrence. J\u2019\u00e9tais venue pour donner le meilleur de moi-m\u00eame et profiter de la course, mais cette victoire est vraiment la cerise sur le g\u00e2teau. C\u2019est un souvenir qui restera grav\u00e9.<br \/>\nCe que je retiens le plus de cette journ\u00e9e, ce n\u2019est pas tant la victoire ou le temps, mais tout le chemin parcouru pour en arriver l\u00e0. Il y a deux ans, lors de ma deuxi\u00e8me course en tant que pro ici, j\u2019avais beaucoup souffert, que ce soit sur le v\u00e9lo ou la course \u00e0 pied, je luttais contre la chaleur, mon dos et mes jambes me faisait extr\u00eamement mal. Je m\u2019\u00e9tais battue pour franchir la ligne d\u2019arriv\u00e9e et terminer la course m\u2019avait d\u00e9j\u00e0 sembl\u00e9 \u00eatre un accomplissement avec un temps de 1h37 sur le semi-marathon, contre 1h20 aujourd\u2019hui. En 2022, je me souviens avoir termin\u00e9 \u00e9puis\u00e9e, mais fi\u00e8re d\u2019avoir franchi la ligne d\u2019arriv\u00e9e. Et c\u2019est cette fiert\u00e9 et ce sentiment d\u2019accomplissement qui m\u2019a motiv\u00e9 \u00e0 l\u2019entrainement les jours difficile. Je suis d\u2019autant plus admirative de tous ces athl\u00e8tes qui ont pris le d\u00e9part de la course, ce son fixer un objectif, se sont battu dans des conditions difficiles et ont franchi fi\u00e8rement la ligne d\u2019arriv\u00e9e !<br \/>\nCe samedi, j\u2019ai pu profiter pleinement de chaque moment de la course, et c\u2019est incroyable de voir ce qu\u2019on peut accomplir en deux ans. Ce qui a fait la diff\u00e9rence ces deux derni\u00e8res ann\u00e9es, c\u2019est vraiment la constance dans l\u2019entra\u00eenement et l\u2019apprentissage de chaque \u00e9preuve. Entour\u00e9e d\u2019une \u00e9quipe formidable, et avec beaucoup de patience, que j\u2019ai pu r\u00e9colter les fruits de ce travail. Des moments comme celui-ci en valent vraiment la peine.<br \/>\nMerci \u00e0 tous ceux qui ont cru en moi et m\u2019ont soutenue pour arriver jusqu\u2019ici, en particulier ma famille, mon coach, mes co\u00e9quipiers, mon \u00e9quipe et mes sponsors ; rien de tout cela n\u2019aurait \u00e9t\u00e9 possible sans vous. Un tout grand merci au Challenge Peguera-Mallorca pour cette journ\u00e9e inoubliable !<\/p>\n<p>&nbsp;<\/p>\n<p><a href=\"https:\/\/vivresonreve.ch\/wp-content\/uploads\/2024\/11\/MALLORCA.png\"><img loading=\"lazy\" decoding=\"async\" class=\"aligncenter  wp-image-7341\" src=\"https:\/\/vivresonreve.ch\/wp-content\/uploads\/2024\/11\/MALLORCA-300x300.png\" alt=\"\" width=\"370\" height=\"370\" \/><\/a><\/p>\n","protected":false},"excerpt":{"rendered":"<p>Victoire et record du parcours Le parcours \u00e9tait magnifique. La natation s\u2019est d\u00e9roul\u00e9e dans une eau cristalline, avec des vagues et une sortie \u00e0 l\u2019australienne, tout ce que j\u2019adore ! J\u2019ai vraiment pu me faire plaisir dans l\u2019eau, mais il fallait bien rester concentr\u00e9 pour garder le cap avec les vagues. Le parcours v\u00e9lo \u00e9tait [&hellip;]<\/p>\n","protected":false},"author":2,"featured_media":0,"comment_status":"open","ping_status":"open","sticky":true,"template":"","format":"standard","meta":{"_et_pb_use_builder":"","_et_pb_old_content":"","_et_gb_content_width":"","footnotes":""},"categories":[70,11,15],"tags":[],"class_list":["post-7340","post","type-post","status-publish","format-standard","hentry","category-alanis-siffert","category-association","category-sport"],"_links":{"self":[{"href":"https:\/\/vivresonreve.ch\/index.php?rest_route=\/wp\/v2\/posts\/7340","targetHints":{"allow":["GET"]}}],"collection":[{"href":"https:\/\/vivresonreve.ch\/index.php?rest_route=\/wp\/v2\/posts"}],"about":[{"href":"https:\/\/vivresonreve.ch\/index.php?rest_route=\/wp\/v2\/types\/post"}],"author":[{"embeddable":true,"href":"https:\/\/vivresonreve.ch\/index.php?rest_route=\/wp\/v2\/users\/2"}],"replies":[{"embeddable":true,"href":"https:\/\/vivresonreve.ch\/index.php?rest_route=%2Fwp%2Fv2%2Fcomments&post=7340"}],"version-history":[{"count":1,"href":"https:\/\/vivresonreve.ch\/index.php?rest_route=\/wp\/v2\/posts\/7340\/revisions"}],"predecessor-version":[{"id":7342,"href":"https:\/\/vivresonreve.ch\/index.php?rest_route=\/wp\/v2\/posts\/7340\/revisions\/7342"}],"wp:attachment":[{"href":"https:\/\/vivresonreve.ch\/index.php?rest_route=%2Fwp%2Fv2%2Fmedia&parent=7340"}],"wp:term":[{"taxonomy":"category","embeddable":true,"href":"https:\/\/vivresonreve.ch\/index.php?rest_route=%2Fwp%2Fv2%2Fcategories&post=7340"},{"taxonomy":"post_tag","embeddable":true,"href":"https:\/\/vivresonreve.ch\/index.php?rest_route=%2Fwp%2Fv2%2Ftags&post=7340"}],"curies":[{"name":"wp","href":"https:\/\/api.w.org\/{rel}","templated":true}]}}