{"id":7327,"date":"2024-09-21T09:50:24","date_gmt":"2024-09-21T07:50:24","guid":{"rendered":"https:\/\/vivresonreve.ch\/?p=7327"},"modified":"2024-09-21T09:50:52","modified_gmt":"2024-09-21T07:50:52","slug":"alanis-siffert-vice-championne-deurope-de-longue-distance","status":"publish","type":"post","link":"https:\/\/vivresonreve.ch\/?p=7327","title":{"rendered":"Alanis Siffert Vice-Championne d\u2019Europe de Longue Distance"},"content":{"rendered":"<p>Bonjour \u00e0 toutes et tous,<br \/>\nQuel mois de septembre incroyable ! Deux comp\u00e9titions majeures, deux podiums et des souvenirs grav\u00e9s \u00e0 jamais<br \/>\nVice-Championne d\u2019Europe de Longue Distance \u2013 Challenge Almere-Amsterdam<br \/>\nLe 14 septembre 2024, j\u2019ai eu l\u2019honneur de d\u00e9crocher le titre de vice-championne d\u2019Europe lors de mon premier Full Ironman au Challenge Almere. Un d\u00e9fi immense avec 3.9 km de natation, 180 km de v\u00e9lo et un marathon de 42 km, que j\u2019ai termin\u00e9 en 8h30min16sec, battant le record du parcours et courant le meilleur temps de la course \u00e0 pied. Cette course a \u00e9t\u00e9 une v\u00e9ritable exploration de mes limites, et je suis encore impressionn\u00e9e par tout ce que j\u2019ai accompli, notamment mon premier marathon sous les 3 heures ainsi que le record de la natation. Le soutien de ma famille et de mon copain a \u00e9t\u00e9 crucial, et partager cet exploit avec eux \u00e9tait indescriptible. Si vous voulez d\u00e9couvrir plus de d\u00e9tails sur cette journ\u00e9e m\u00e9morable, je vous invite \u00e0 lire mon r\u00e9cit de course ici :<\/p>\n<p><a href=\"https:\/\/alanissiffert.ch\/project\/challenge-almere-vice-championne-deurope-de-longue-distance\/\" target=\"_blank\" rel=\"noopener\">Challenge Almere blog<\/a><\/p>\n","protected":false},"excerpt":{"rendered":"<p>Bonjour \u00e0 toutes et tous, Quel mois de septembre incroyable ! Deux comp\u00e9titions majeures, deux podiums et des souvenirs grav\u00e9s \u00e0 jamais Vice-Championne d\u2019Europe de Longue Distance \u2013 Challenge Almere-Amsterdam Le 14 septembre 2024, j\u2019ai eu l\u2019honneur de d\u00e9crocher le titre de vice-championne d\u2019Europe lors de mon premier Full Ironman au Challenge Almere. Un d\u00e9fi [&hellip;]<\/p>\n","protected":false},"author":2,"featured_media":0,"comment_status":"open","ping_status":"open","sticky":true,"template":"","format":"standard","meta":{"_et_pb_use_builder":"","_et_pb_old_content":"","_et_gb_content_width":"","footnotes":""},"categories":[70,11,15],"tags":[],"class_list":["post-7327","post","type-post","status-publish","format-standard","hentry","category-alanis-siffert","category-association","category-sport"],"_links":{"self":[{"href":"https:\/\/vivresonreve.ch\/index.php?rest_route=\/wp\/v2\/posts\/7327","targetHints":{"allow":["GET"]}}],"collection":[{"href":"https:\/\/vivresonreve.ch\/index.php?rest_route=\/wp\/v2\/posts"}],"about":[{"href":"https:\/\/vivresonreve.ch\/index.php?rest_route=\/wp\/v2\/types\/post"}],"author":[{"embeddable":true,"href":"https:\/\/vivresonreve.ch\/index.php?rest_route=\/wp\/v2\/users\/2"}],"replies":[{"embeddable":true,"href":"https:\/\/vivresonreve.ch\/index.php?rest_route=%2Fwp%2Fv2%2Fcomments&post=7327"}],"version-history":[{"count":1,"href":"https:\/\/vivresonreve.ch\/index.php?rest_route=\/wp\/v2\/posts\/7327\/revisions"}],"predecessor-version":[{"id":7328,"href":"https:\/\/vivresonreve.ch\/index.php?rest_route=\/wp\/v2\/posts\/7327\/revisions\/7328"}],"wp:attachment":[{"href":"https:\/\/vivresonreve.ch\/index.php?rest_route=%2Fwp%2Fv2%2Fmedia&parent=7327"}],"wp:term":[{"taxonomy":"category","embeddable":true,"href":"https:\/\/vivresonreve.ch\/index.php?rest_route=%2Fwp%2Fv2%2Fcategories&post=7327"},{"taxonomy":"post_tag","embeddable":true,"href":"https:\/\/vivresonreve.ch\/index.php?rest_route=%2Fwp%2Fv2%2Ftags&post=7327"}],"curies":[{"name":"wp","href":"https:\/\/api.w.org\/{rel}","templated":true}]}}