{"id":7309,"date":"2024-07-02T11:25:41","date_gmt":"2024-07-02T09:25:41","guid":{"rendered":"https:\/\/vivresonreve.ch\/?p=7309"},"modified":"2024-07-02T11:26:02","modified_gmt":"2024-07-02T09:26:02","slug":"alanis-siffert-podium-au-challenge-kaiserwinkl-walchsee","status":"publish","type":"post","link":"https:\/\/vivresonreve.ch\/?p=7309","title":{"rendered":"Alanis Siffert Podium au Challenge Kaiserwinkl-Walchsee"},"content":{"rendered":"<p>Bonjour \u00e0 toutes et tous,<\/p>\n<p>Dimanche pass\u00e9, le 23 juin 2024, j\u2019ai pris le d\u00e9part du Challenge Kaiserwinkl-Walchsee dans le Tyrol en Autriche, sur la distance semi-Ironman. Apr\u00e8s une course incroyable, je me suis hiss\u00e9e sur la deuxi\u00e8me marche du podium en 4h13min28sec, une nouvelle fois derri\u00e8re ma compatriote et co\u00e9quipi\u00e8re Julie Derron.<br \/>\nLe d\u00e9cor de la course \u00e9tait magique dans le Tyrol autrichien. Les conditions m\u00e9t\u00e9orologiques \u00e9taient fra\u00eeches avec de la pluie le matin de la course. J&rsquo;ai r\u00e9alis\u00e9 une bonne natation, sortant en premi\u00e8re position de l&rsquo;eau. Le parcours de v\u00e9lo \u00e9tait plut\u00f4t technique et vallonn\u00e9 avec des routes mouill\u00e9es. Il fallait \u00eatre prudent dans les virages \u00e9troits. Je me suis sentie super \u00e0 l&rsquo;aise et puissante sur les deux tours du v\u00e9lo. J&rsquo;ai entam\u00e9 la course \u00e0 pied en deuxi\u00e8me position. J&rsquo;ai ador\u00e9 le parcours de course \u00e0 pied avec 4 tours autour du lac. J&rsquo;ai directement trouv\u00e9 mon rythme et j&rsquo;ai pu acc\u00e9l\u00e9rer \u00e0 chaque tour. J&rsquo;ai tout donn\u00e9 et j&rsquo;ai profit\u00e9 de chaque instant, je me sentais super bien et totalement dans ma bulle. J&rsquo;ai r\u00e9alis\u00e9 mon meilleur temps sur la course \u00e0 pied en 1h19min53sec pour les 21 km. J&rsquo;ai franchi la ligne d&rsquo;arriv\u00e9e en deuxi\u00e8me position, une magnifique performance !<br \/>\nC&rsquo;\u00e9tait un immense plaisir de partager \u00e0 nouveau le podium avec ma co\u00e9quipi\u00e8re Julie et de r\u00e9it\u00e9rer notre r\u00e9ussite 1\u00e8re-2\u00e8me place de Rapperswil. Mon r\u00e9sultat prouve que ma deuxi\u00e8me place \u00e0 Rapperswil n&rsquo;\u00e9tait pas un coup de chance, en reproduisant cet excellent effort \u00e0 Walchsee, couronn\u00e9 par une course \u00e0 pied encore plus rapide. Cela me r\u00e9jouit de voir ma progression et ma r\u00e9gularit\u00e9. Un super week-end pour mon \u00e9quipe d&rsquo;entrainement Trisutto avec \u00e9galement Panagiotis Bitados qui a remport\u00e9 l&rsquo;\u00e9preuve masculine.<br \/>\nCe fut une course fantastique o\u00f9 j\u2019ai pu compter sur le soutien de mes parents. Cela m\u2019a fait \u00e9norm\u00e9ment plaisir de pouvoir partager cette magnifique journ\u00e9e et cette performance avec eux. C&rsquo;est toujours un plaisir de prendre part aux courses Challenge Family qui proposent de superbes \u00e9preuves aux athl\u00e8tes professionnels, et un grand merci \u00e0 Belinda, ancienne athl\u00e8te de Brett Sutton, pour son soutien et cette opportunit\u00e9.<br \/>\nCe dimanche 30 juin 2024, je prendrai le d\u00e9part au Linthathlon, une course sur la distance Super-sprint suivie du Mixed Team Relay l&rsquo;apr\u00e8s-midi, o\u00f9 je participerai avec mon \u00e9quipe de Home of Triathlon pour d\u00e9fendre notre titre de champion suisse.<br \/>\nPar la suite, le jeudi 25 juillet 2024, je serai au d\u00e9part du l\u00e9gendaire Triathlon de l\u2019Alpe d\u2019Huez L avec la mythique ascension des 21 virages de l\u2019Alpe d\u2019Huez. Cette \u00e9preuve ne ressemble \u00e0 aucune autre. La distance \u00e0 parcourir sera de 2,2 km de natation, 118 km de v\u00e9lo avec 3200 m de d\u00e9nivel\u00e9 positif, et 20 km de course \u00e0 pied avec 320 m de d\u00e9nivel\u00e9 positif. Au c\u0153ur des Alpes, la difficult\u00e9 du parcours a forg\u00e9 la r\u00e9putation du Triathlon L de l\u2019Alpe d\u2019Huez. Cela a longtemps \u00e9t\u00e9 le berceau des athl\u00e8tes de Trisutto pour devenir des athl\u00e8tes de classe mondiale. Je me r\u00e9jouis d\u00e9j\u00e0 de relever ce beau d\u00e9fi !<\/p>\n<p><a href=\"https:\/\/alanissiffert.us13.list-manage.com\/track\/click?u=4fd18b4baf5ad248904798ed2&amp;id=9f9edb37c0&amp;e=f7a72a17df\" target=\"_blank\" rel=\"noopener\">Clique ici pour lire le blog de mon coach Brett Sutton sur ma performance \u00e0 Walchsee.<\/a><\/p>\n<p><a href=\"https:\/\/alanissiffert.ch\/\" target=\"_blank\" rel=\"noopener\"><img loading=\"lazy\" decoding=\"async\" class=\"aligncenter wp-image-7310\" src=\"https:\/\/vivresonreve.ch\/wp-content\/uploads\/2024\/07\/Challenge-300x225.jpg\" alt=\"\" width=\"357\" height=\"268\" \/><\/a><\/p>\n","protected":false},"excerpt":{"rendered":"<p>Bonjour \u00e0 toutes et tous, Dimanche pass\u00e9, le 23 juin 2024, j\u2019ai pris le d\u00e9part du Challenge Kaiserwinkl-Walchsee dans le Tyrol en Autriche, sur la distance semi-Ironman. Apr\u00e8s une course incroyable, je me suis hiss\u00e9e sur la deuxi\u00e8me marche du podium en 4h13min28sec, une nouvelle fois derri\u00e8re ma compatriote et co\u00e9quipi\u00e8re Julie Derron. Le d\u00e9cor [&hellip;]<\/p>\n","protected":false},"author":2,"featured_media":0,"comment_status":"open","ping_status":"open","sticky":true,"template":"","format":"standard","meta":{"_et_pb_use_builder":"","_et_pb_old_content":"","_et_gb_content_width":"","footnotes":""},"categories":[70,11,15],"tags":[],"class_list":["post-7309","post","type-post","status-publish","format-standard","hentry","category-alanis-siffert","category-association","category-sport"],"_links":{"self":[{"href":"https:\/\/vivresonreve.ch\/index.php?rest_route=\/wp\/v2\/posts\/7309","targetHints":{"allow":["GET"]}}],"collection":[{"href":"https:\/\/vivresonreve.ch\/index.php?rest_route=\/wp\/v2\/posts"}],"about":[{"href":"https:\/\/vivresonreve.ch\/index.php?rest_route=\/wp\/v2\/types\/post"}],"author":[{"embeddable":true,"href":"https:\/\/vivresonreve.ch\/index.php?rest_route=\/wp\/v2\/users\/2"}],"replies":[{"embeddable":true,"href":"https:\/\/vivresonreve.ch\/index.php?rest_route=%2Fwp%2Fv2%2Fcomments&post=7309"}],"version-history":[{"count":1,"href":"https:\/\/vivresonreve.ch\/index.php?rest_route=\/wp\/v2\/posts\/7309\/revisions"}],"predecessor-version":[{"id":7311,"href":"https:\/\/vivresonreve.ch\/index.php?rest_route=\/wp\/v2\/posts\/7309\/revisions\/7311"}],"wp:attachment":[{"href":"https:\/\/vivresonreve.ch\/index.php?rest_route=%2Fwp%2Fv2%2Fmedia&parent=7309"}],"wp:term":[{"taxonomy":"category","embeddable":true,"href":"https:\/\/vivresonreve.ch\/index.php?rest_route=%2Fwp%2Fv2%2Fcategories&post=7309"},{"taxonomy":"post_tag","embeddable":true,"href":"https:\/\/vivresonreve.ch\/index.php?rest_route=%2Fwp%2Fv2%2Ftags&post=7309"}],"curies":[{"name":"wp","href":"https:\/\/api.w.org\/{rel}","templated":true}]}}