{"id":7237,"date":"2024-05-08T10:09:45","date_gmt":"2024-05-08T08:09:45","guid":{"rendered":"https:\/\/vivresonreve.ch\/?p=7237"},"modified":"2024-05-08T10:10:12","modified_gmt":"2024-05-08T08:10:12","slug":"saison-eclatante-pour-alanis-siffert","status":"publish","type":"post","link":"https:\/\/vivresonreve.ch\/?p=7237","title":{"rendered":"Saison \u00e9clatante pour Alanis Siffert"},"content":{"rendered":"<p>Apr\u00e8s une excellente saison 2023 en triathlon, Alanis Siffert, \u00e9toile montante du sport fribourgeois, se joint \u00e0 l&rsquo;\u00e9quipe d&rsquo;Info Fribourg pour revenir sur les moments forts de son ann\u00e9e et partager ses perspectives.<\/p>\n<p><strong>Quel bilan faites-vous de cette ann\u00e9e 2023 ?<\/strong><\/p>\n<p>\u00ab\u00a0C&rsquo;\u00e9tait clairement ma meilleure saison jusqu&rsquo;\u00e0 ce jour. Ma deuxi\u00e8me place chez les pro au triathlon de Gerardmer c&rsquo;\u00e9tait le higlight de cette saison ! J&rsquo;ai \u00e9galement pu faire mes d\u00e9buts en coupe du monde, ce qui est vraiment un grand pas dans le monde du triathlon.<\/p>\n<p>Je dirais qu&rsquo;en terme g\u00e9n\u00e9ral, je me suis am\u00e9lior\u00e9e sur les trois distances. Avec ma performance que j&rsquo;ai faite \u00e0 Gen\u00e8ve, j&rsquo;ai am\u00e9lior\u00e9 mon temps de 25 minutes sur le m\u00eame parcours que l&rsquo;ann\u00e9e pass\u00e9e.\u00a0\u00bb<\/p>\n<p>Q<strong>u&rsquo;est-ce que vous avez d\u00e9couvert en faisant vos premiers pas sur le circuit de la coupe du monde ?<\/strong><\/p>\n<p>\u00ab\u00a0J&rsquo;ai pu exp\u00e9rimenter le niveau international de Coupe du monde, \u00e7a a vraiment \u00e9t\u00e9 une exp\u00e9rience riche. J&rsquo;ai commis des erreurs, mais gr\u00e2ce \u00e0 \u00e7a je peux apprendre. J&rsquo;ai vu l&rsquo;intensit\u00e9 de la course du d\u00e9but \u00e0 la fin, maintenant je vois le travail qu&rsquo;il me reste \u00e0 faire pour l&rsquo;ann\u00e9e prochaine\u00a0\u00bb<\/p>\n<p><strong>Vous avez pass\u00e9 une bonne partie de l&rsquo;ann\u00e9e en Asie, pour quelles raisons ?<\/strong><\/p>\n<p>\u00ab\u00a0En d\u00e9but d&rsquo;ann\u00e9e, J\u2019ai pass\u00e9 quatre mois \u00e0 Kunming en Chine et l\u00e0 j&rsquo;ai fini la saison o\u00f9 je me suis entrain\u00e9 \u00e0 Beijing en Chine. Mon entraineur est le coach de l&rsquo;\u00e9quipe nationale chinoise., cela offre \u00e0 moi et mes co\u00e9quipiers la possibilit\u00e9 de nous joindre \u00e0 eux.<\/p>\n<p>L\u00e0-bas il y a des infrastructures sportives vraiment impressionnantes, cela me permet de m&rsquo;entrainer dans une structure professionnelle. Gr\u00e2ce \u00e0 cela je peux focus \u00e0 100% sur le sport et la r\u00e9cup\u00e9ration et ne pas r\u00e9fl\u00e9chir \u00e0 ce qu&rsquo;il y \u00e0 c\u00f4t\u00e9.\u00a0\u00bb<\/p>\n<p><strong>Vous venez de la natation, quels progr\u00e8s avez-vous pu faire sur les deux autres disciplines ?<\/strong><\/p>\n<p>\u00ab\u00a0M\u00eame si la natation est ma discipline de d\u00e9part, j&rsquo;ai continu\u00e9 \u00e0 faire de super progr\u00e8s en natation. En course \u00e0 pied j&rsquo;ai aussi commenc\u00e9 \u00e0 faire de gros progr\u00e8s, sur les semi-ironman j&rsquo;ai remarqu\u00e9 que je pouvais avoir un rythme beaucoup plus \u00e9lev\u00e9. Je me r\u00e9jouis de la suite parce que je vois que je progresse et \u00e7a me motive.\u00a0\u00bb<\/p>\n<p><strong>En 2024 ont lieu les Jeux olympiques \u00e0 Paris, il y aura beaucoup de concurrence sur les courses auxquelles vous allez prendre part !<\/strong><\/p>\n<p>\u00ab\u00a0Oui exactement. Moi je vais de nouveau participer \u00e0 des coupes du monde en Asie. Mais puisque c&rsquo;est l&rsquo;ann\u00e9e olympique tout le monde est \u00e0 la recherche de points et le niveau sera tr\u00e8s \u00e9lev\u00e9.<\/p>\n<p>Je garde les jeux olympiques de 2028 en t\u00eate, mais entre-temps il y a beaucoup de chose qui peuvent se passer et d&rsquo;autres \u00e9v\u00e9nement qui vont pouvoir arriver, je me r\u00e9jouis !\u00a0\u00bb<\/p>\n<p>La T\u00e9l\u00e9 &#8211; Ga\u00ebl Longchamp<\/p>\n","protected":false},"excerpt":{"rendered":"<p>Apr\u00e8s une excellente saison 2023 en triathlon, Alanis Siffert, \u00e9toile montante du sport fribourgeois, se joint \u00e0 l&rsquo;\u00e9quipe d&rsquo;Info Fribourg pour revenir sur les moments forts de son ann\u00e9e et partager ses perspectives. Quel bilan faites-vous de cette ann\u00e9e 2023 ? \u00ab\u00a0C&rsquo;\u00e9tait clairement ma meilleure saison jusqu&rsquo;\u00e0 ce jour. Ma deuxi\u00e8me place chez les pro [&hellip;]<\/p>\n","protected":false},"author":2,"featured_media":0,"comment_status":"open","ping_status":"open","sticky":true,"template":"","format":"standard","meta":{"_et_pb_use_builder":"","_et_pb_old_content":"","_et_gb_content_width":"","footnotes":""},"categories":[70,11,15],"tags":[],"class_list":["post-7237","post","type-post","status-publish","format-standard","hentry","category-alanis-siffert","category-association","category-sport"],"_links":{"self":[{"href":"https:\/\/vivresonreve.ch\/index.php?rest_route=\/wp\/v2\/posts\/7237","targetHints":{"allow":["GET"]}}],"collection":[{"href":"https:\/\/vivresonreve.ch\/index.php?rest_route=\/wp\/v2\/posts"}],"about":[{"href":"https:\/\/vivresonreve.ch\/index.php?rest_route=\/wp\/v2\/types\/post"}],"author":[{"embeddable":true,"href":"https:\/\/vivresonreve.ch\/index.php?rest_route=\/wp\/v2\/users\/2"}],"replies":[{"embeddable":true,"href":"https:\/\/vivresonreve.ch\/index.php?rest_route=%2Fwp%2Fv2%2Fcomments&post=7237"}],"version-history":[{"count":1,"href":"https:\/\/vivresonreve.ch\/index.php?rest_route=\/wp\/v2\/posts\/7237\/revisions"}],"predecessor-version":[{"id":7238,"href":"https:\/\/vivresonreve.ch\/index.php?rest_route=\/wp\/v2\/posts\/7237\/revisions\/7238"}],"wp:attachment":[{"href":"https:\/\/vivresonreve.ch\/index.php?rest_route=%2Fwp%2Fv2%2Fmedia&parent=7237"}],"wp:term":[{"taxonomy":"category","embeddable":true,"href":"https:\/\/vivresonreve.ch\/index.php?rest_route=%2Fwp%2Fv2%2Fcategories&post=7237"},{"taxonomy":"post_tag","embeddable":true,"href":"https:\/\/vivresonreve.ch\/index.php?rest_route=%2Fwp%2Fv2%2Ftags&post=7237"}],"curies":[{"name":"wp","href":"https:\/\/api.w.org\/{rel}","templated":true}]}}