{"id":7227,"date":"2024-04-20T11:42:35","date_gmt":"2024-04-20T09:42:35","guid":{"rendered":"https:\/\/vivresonreve.ch\/?p=7227"},"modified":"2024-04-20T11:42:54","modified_gmt":"2024-04-20T09:42:54","slug":"le-documentaire-lepreuve","status":"publish","type":"post","link":"https:\/\/vivresonreve.ch\/?p=7227","title":{"rendered":"Le documentaire \u00ab L\u2019\u00c9preuve \u00bb"},"content":{"rendered":"<p>Bonjour \u00e0 toutes et \u00e0 tous,<\/p>\n<p>Le documentaire \u00ab L\u2019\u00c9preuve \u00bb pr\u00e9sente mon parcours ainsi que celui de Madeline Coquoz (plongeon), Audrey Werro (athl\u00e9tisme), et Robin Godel (\u00e9quitation), 4 athl\u00e8tes fribourgeois qui partagent un r\u00eave commun : participer aux Jeux Olympiques.<\/p>\n<p>Le documentaire sera pr\u00e9sent\u00e9 lors de 10 repr\u00e9sentations dans les cin\u00e9mas Cin\u00e9motion de Fribourg, Bulle et Payerne. Les billets sont vendus au tarif de CHF 11.-.<\/p>\n<p>Voici les horaires :<\/p>\n<p>Fribourg<br \/>\nSa 20 avril\u00a0 14:00 et 19:00<br \/>\nDi 21 avril\u00a0\u00a0 14:30 et 16:15<br \/>\nSa 27 avril\u00a0 14:00 et 15:30<br \/>\nDi 28 avril\u00a0\u00a0 16:30<\/p>\n<p>Bulle<br \/>\nDi 21 avril\u00a0\u00a0 11:00<br \/>\nJe 25 avril\u00a0\u00a0 18:30<br \/>\nSa 27 avril\u00a0 16:30<\/p>\n<p>Payerne<br \/>\nDi 21 avril\u00a0\u00a0\u00a0 11:00<br \/>\nVe 26 avril\u00a0\u00a0 18:30<br \/>\nSa 27 avril\u00a0\u00a0 16:30<\/p>\n<p>R\u00e9serve ton billet ici \u00a0<a href=\"https:\/\/www.cinemotion.ch\/deja-en-vente\/l-epreuve-9185.html\">https:\/\/www.cinemotion.ch\/deja-en-vente\/l-epreuve-9185.html<\/a> et viens d\u00e9couvrir mon parcours sportif par ce magnifique documentaire r\u00e9alis\u00e9 par Playground Production<\/p>\n<p><a href=\"https:\/\/www.cinemotion.ch\/deja-en-vente\/l-epreuve-9185.html\" target=\"_blank\" rel=\"noopener\"><img loading=\"lazy\" decoding=\"async\" class=\"aligncenter  wp-image-7228\" src=\"https:\/\/vivresonreve.ch\/wp-content\/uploads\/2024\/04\/EPREUVE-300x169.jpg\" alt=\"\" width=\"398\" height=\"224\" \/><\/a><\/p>\n","protected":false},"excerpt":{"rendered":"<p>Bonjour \u00e0 toutes et \u00e0 tous, Le documentaire \u00ab L\u2019\u00c9preuve \u00bb pr\u00e9sente mon parcours ainsi que celui de Madeline Coquoz (plongeon), Audrey Werro (athl\u00e9tisme), et Robin Godel (\u00e9quitation), 4 athl\u00e8tes fribourgeois qui partagent un r\u00eave commun : participer aux Jeux Olympiques. Le documentaire sera pr\u00e9sent\u00e9 lors de 10 repr\u00e9sentations dans les cin\u00e9mas Cin\u00e9motion de Fribourg, [&hellip;]<\/p>\n","protected":false},"author":2,"featured_media":0,"comment_status":"open","ping_status":"open","sticky":true,"template":"","format":"standard","meta":{"_et_pb_use_builder":"","_et_pb_old_content":"","_et_gb_content_width":"","footnotes":""},"categories":[90,18,35,15],"tags":[],"class_list":["post-7227","post","type-post","status-publish","format-standard","hentry","category-ambassadeur-espoir","category-madeline","category-robin-godel","category-sport"],"_links":{"self":[{"href":"https:\/\/vivresonreve.ch\/index.php?rest_route=\/wp\/v2\/posts\/7227","targetHints":{"allow":["GET"]}}],"collection":[{"href":"https:\/\/vivresonreve.ch\/index.php?rest_route=\/wp\/v2\/posts"}],"about":[{"href":"https:\/\/vivresonreve.ch\/index.php?rest_route=\/wp\/v2\/types\/post"}],"author":[{"embeddable":true,"href":"https:\/\/vivresonreve.ch\/index.php?rest_route=\/wp\/v2\/users\/2"}],"replies":[{"embeddable":true,"href":"https:\/\/vivresonreve.ch\/index.php?rest_route=%2Fwp%2Fv2%2Fcomments&post=7227"}],"version-history":[{"count":1,"href":"https:\/\/vivresonreve.ch\/index.php?rest_route=\/wp\/v2\/posts\/7227\/revisions"}],"predecessor-version":[{"id":7229,"href":"https:\/\/vivresonreve.ch\/index.php?rest_route=\/wp\/v2\/posts\/7227\/revisions\/7229"}],"wp:attachment":[{"href":"https:\/\/vivresonreve.ch\/index.php?rest_route=%2Fwp%2Fv2%2Fmedia&parent=7227"}],"wp:term":[{"taxonomy":"category","embeddable":true,"href":"https:\/\/vivresonreve.ch\/index.php?rest_route=%2Fwp%2Fv2%2Fcategories&post=7227"},{"taxonomy":"post_tag","embeddable":true,"href":"https:\/\/vivresonreve.ch\/index.php?rest_route=%2Fwp%2Fv2%2Ftags&post=7227"}],"curies":[{"name":"wp","href":"https:\/\/api.w.org\/{rel}","templated":true}]}}