{"id":7219,"date":"2024-04-20T11:23:23","date_gmt":"2024-04-20T09:23:23","guid":{"rendered":"https:\/\/vivresonreve.ch\/?p=7219"},"modified":"2024-04-20T11:23:45","modified_gmt":"2024-04-20T09:23:45","slug":"madeline-coquoz-met-un-terme-a-sa-carriere-ambassadrice-espoir","status":"publish","type":"post","link":"https:\/\/vivresonreve.ch\/?p=7219","title":{"rendered":"Madeline Coquoz met un terme \u00e0 sa carri\u00e8re (Ambassadrice espoir)"},"content":{"rendered":"<p>Clap de fin pour la carri\u00e8re de la plongeuse Madeline Coquoz. L\u2019athl\u00e8te de Pont-la-Ville (25\u00a0ans) annonce la nouvelle dans le film\u00a0<i>L\u2019Epreuve<\/i>, consacr\u00e9 au r\u00eave olympique de quatre sportifs fribourgeois et diffus\u00e9 en avant-premi\u00e8re mercredi soir \u00e0 Fribourg. Madeline Coquoz avait fait part de sa d\u00e9cision \u00e0 sa f\u00e9d\u00e9ration il y a un mois de cela.<br \/>\nLa Gru\u00e9rienne a d\u00e9croch\u00e9 de nombreuses distinctions aux niveaux suisse et international. A son palmar\u00e8s figurent notamment un sacre europ\u00e9en obtenu en 2016 chez les juniors (\u00e0 3m, en synchro avec l\u2019Argovienne Michelle Heimberg) ainsi qu\u2019une 5e\u00a0place en synchro mixte (\u00e0 3m, avec le Vaudois Guillaume Dutoit) lors des championnats d\u2019Europe 2022.<br \/>\nSi Madeline Coquoz n\u2019est pas parvenue \u00e0 se qualifier pour les Jeux olympiques 2024, elle sera tout de m\u00eame pr\u00e9sente \u00e0 Paris cet \u00e9t\u00e9. La Gru\u00e9rienne a \u00e9t\u00e9 engag\u00e9e comme responsable des volontaires lors des \u00e9preuves de plongeon.<\/p>\n<p><a href=\"https:\/\/vivresonreve.ch\/wp-content\/uploads\/2024\/04\/MadelineCoquoz.jpg\"><img loading=\"lazy\" decoding=\"async\" class=\"aligncenter  wp-image-7220\" src=\"https:\/\/vivresonreve.ch\/wp-content\/uploads\/2024\/04\/MadelineCoquoz-300x245.jpg\" alt=\"\" width=\"343\" height=\"280\" \/><\/a><\/p>\n<p>&nbsp;<\/p>\n","protected":false},"excerpt":{"rendered":"<p>Clap de fin pour la carri\u00e8re de la plongeuse Madeline Coquoz. L\u2019athl\u00e8te de Pont-la-Ville (25\u00a0ans) annonce la nouvelle dans le film\u00a0L\u2019Epreuve, consacr\u00e9 au r\u00eave olympique de quatre sportifs fribourgeois et diffus\u00e9 en avant-premi\u00e8re mercredi soir \u00e0 Fribourg. Madeline Coquoz avait fait part de sa d\u00e9cision \u00e0 sa f\u00e9d\u00e9ration il y a un mois de cela. [&hellip;]<\/p>\n","protected":false},"author":2,"featured_media":0,"comment_status":"open","ping_status":"open","sticky":true,"template":"","format":"standard","meta":{"_et_pb_use_builder":"","_et_pb_old_content":"","_et_gb_content_width":"","footnotes":""},"categories":[90,18,15],"tags":[],"class_list":["post-7219","post","type-post","status-publish","format-standard","hentry","category-ambassadeur-espoir","category-madeline","category-sport"],"_links":{"self":[{"href":"https:\/\/vivresonreve.ch\/index.php?rest_route=\/wp\/v2\/posts\/7219","targetHints":{"allow":["GET"]}}],"collection":[{"href":"https:\/\/vivresonreve.ch\/index.php?rest_route=\/wp\/v2\/posts"}],"about":[{"href":"https:\/\/vivresonreve.ch\/index.php?rest_route=\/wp\/v2\/types\/post"}],"author":[{"embeddable":true,"href":"https:\/\/vivresonreve.ch\/index.php?rest_route=\/wp\/v2\/users\/2"}],"replies":[{"embeddable":true,"href":"https:\/\/vivresonreve.ch\/index.php?rest_route=%2Fwp%2Fv2%2Fcomments&post=7219"}],"version-history":[{"count":1,"href":"https:\/\/vivresonreve.ch\/index.php?rest_route=\/wp\/v2\/posts\/7219\/revisions"}],"predecessor-version":[{"id":7221,"href":"https:\/\/vivresonreve.ch\/index.php?rest_route=\/wp\/v2\/posts\/7219\/revisions\/7221"}],"wp:attachment":[{"href":"https:\/\/vivresonreve.ch\/index.php?rest_route=%2Fwp%2Fv2%2Fmedia&parent=7219"}],"wp:term":[{"taxonomy":"category","embeddable":true,"href":"https:\/\/vivresonreve.ch\/index.php?rest_route=%2Fwp%2Fv2%2Fcategories&post=7219"},{"taxonomy":"post_tag","embeddable":true,"href":"https:\/\/vivresonreve.ch\/index.php?rest_route=%2Fwp%2Fv2%2Ftags&post=7219"}],"curies":[{"name":"wp","href":"https:\/\/api.w.org\/{rel}","templated":true}]}}