{"id":7200,"date":"2024-03-23T11:56:13","date_gmt":"2024-03-23T09:56:13","guid":{"rendered":"https:\/\/vivresonreve.ch\/?p=7200"},"modified":"2024-03-25T10:25:43","modified_gmt":"2024-03-25T08:25:43","slug":"arnaud-boisset-un-podium-comme-point-dorgue-dune-saison-extraordinaire","status":"publish","type":"post","link":"https:\/\/vivresonreve.ch\/?p=7200","title":{"rendered":"Arnaud Boisset un podium comme point d&rsquo;orgue d&rsquo;une saison extraordinaire (Ambassadeur espoir)"},"content":{"rendered":"<p>[et_pb_section fb_built=\u00a0\u00bb1&Prime; admin_label=\u00a0\u00bbsection\u00a0\u00bb _builder_version=\u00a0\u00bb3.22&Prime; global_colors_info=\u00a0\u00bb{}\u00a0\u00bb][et_pb_row admin_label=\u00a0\u00bbrow\u00a0\u00bb _builder_version=\u00a0\u00bb3.25&Prime; background_size=\u00a0\u00bbinitial\u00a0\u00bb background_position=\u00a0\u00bbtop_left\u00a0\u00bb background_repeat=\u00a0\u00bbrepeat\u00a0\u00bb global_colors_info=\u00a0\u00bb{}\u00a0\u00bb][et_pb_column type=\u00a0\u00bb4_4&Prime; _builder_version=\u00a0\u00bb3.25&Prime; custom_padding=\u00a0\u00bb|||\u00a0\u00bb global_colors_info=\u00a0\u00bb{}\u00a0\u00bb custom_padding__hover=\u00a0\u00bb|||\u00a0\u00bb][et_pb_text admin_label=\u00a0\u00bbText\u00a0\u00bb _builder_version=\u00a0\u00bb4.14.8&Prime; background_size=\u00a0\u00bbinitial\u00a0\u00bb background_position=\u00a0\u00bbtop_left\u00a0\u00bb background_repeat=\u00a0\u00bbrepeat\u00a0\u00bb hover_enabled=\u00a0\u00bb0&Prime; global_colors_info=\u00a0\u00bb{}\u00a0\u00bb sticky_enabled=\u00a0\u00bb0&Prime;]<\/p>\n<p>Un podium comme point d&rsquo;orgue d&rsquo;une saison extraordinaire pour Arnaud Boisset<br \/>Les qualificatifs manquent pour d\u00e9crire la premi\u00e8re saison de Coupe du monde d&rsquo;Arnaud Boisset. D\u00e9j\u00e0 auteur de cinq top-15 cette saison, l&rsquo;Octodurien est all\u00e9 chercher son premier podium en carri\u00e8re vendredi en Super-G \u00e0 Saalbach. Triomphe suisse lors de ces finales de la saison.<br \/>Arnaud Boisset a termin\u00e9 sa premi\u00e8re saison au plus haut niveau du ski alpin mondial en apoth\u00e9ose. Le Martignerain s&rsquo;est class\u00e9 troisi\u00e8me du Super-G des finales de Coupe du monde \u00e0 Saalbach, en Autriche, ce vendredi. Le jeune homme de 25 ans est ainsi all\u00e9 chercher son premier podium en carri\u00e8re.<br \/>Le Valaisan n&rsquo;a \u00e9t\u00e9 devanc\u00e9 que par ses compatriotes Stefan Rogentin et Lo\u00efc Meillard, sur un podium 100% helv\u00e9tique historique. Le vainqueur du grand globe de cristal et du globe de la discipline, Marco Odermatt, a quant \u00e0 lui pris le cinqui\u00e8me rang.<br \/>Tout au long de l&rsquo;hiver, Arnaud Boisset n&rsquo;a cess\u00e9 d&rsquo;impressionner. Il a sign\u00e9 six top-15, dont une neuvi\u00e8me place sur la mythique descente de Kitzb\u00fchel.<\/p>\n<p>Thierry Nicolet<\/p>\n<p><a href=\"https:\/\/vivresonreve.ch\/wp-content\/uploads\/2024\/03\/boissetsaalbach.jpg\"><img loading=\"lazy\" decoding=\"async\" class=\"aligncenter wp-image-7201\" src=\"https:\/\/vivresonreve.ch\/wp-content\/uploads\/2024\/03\/boissetsaalbach-300x200.jpg\" alt=\"\" width=\"359\" height=\"239\" \/><\/a><br \/><a href=\"https:\/\/vivresonreve.ch\/wp-content\/uploads\/2024\/03\/ARNAUD_WCUP1.png\"><img loading=\"lazy\" decoding=\"async\" class=\"wp-image-7208 aligncenter \" src=\"https:\/\/vivresonreve.ch\/wp-content\/uploads\/2024\/03\/ARNAUD_WCUP1-300x186.png\" alt=\"\" width=\"365\" height=\"226\" \/><\/a><a href=\"https:\/\/vivresonreve.ch\/wp-content\/uploads\/2024\/03\/ARNAUD_WCUP2.png\"><img loading=\"lazy\" decoding=\"async\" class=\"wp-image-7206 aligncenter \" src=\"https:\/\/vivresonreve.ch\/wp-content\/uploads\/2024\/03\/ARNAUD_WCUP2-300x203.png\" alt=\"\" width=\"362\" height=\"245\" \/><\/a><\/p>\n<p>&nbsp;<\/p>\n<p>&nbsp;<\/p>\n<p>[\/et_pb_text][\/et_pb_column][\/et_pb_row][\/et_pb_section]<\/p>\n","protected":false},"excerpt":{"rendered":"<p>Un podium comme point d&rsquo;orgue d&rsquo;une saison extraordinaire pour Arnaud BoissetLes qualificatifs manquent pour d\u00e9crire la premi\u00e8re saison de Coupe du monde d&rsquo;Arnaud Boisset. D\u00e9j\u00e0 auteur de cinq top-15 cette saison, l&rsquo;Octodurien est all\u00e9 chercher son premier podium en carri\u00e8re vendredi en Super-G \u00e0 Saalbach. Triomphe suisse lors de ces finales de la saison.Arnaud Boisset [&hellip;]<\/p>\n","protected":false},"author":2,"featured_media":0,"comment_status":"open","ping_status":"open","sticky":true,"template":"","format":"standard","meta":{"_et_pb_use_builder":"on","_et_pb_old_content":"Un podium comme point d'orgue d'une saison extraordinaire pour Arnaud Boisset\r\nLes qualificatifs manquent pour d\u00e9crire la premi\u00e8re saison de Coupe du monde d'Arnaud Boisset. D\u00e9j\u00e0 auteur de cinq top-15 cette saison, l'Octodurien est all\u00e9 chercher son premier podium en carri\u00e8re vendredi en Super-G \u00e0 Saalbach. Triomphe suisse lors de ces finales de la saison.\r\nArnaud Boisset a termin\u00e9 sa premi\u00e8re saison au plus haut niveau du ski alpin mondial en apoth\u00e9ose. Le Martignerain s'est class\u00e9 troisi\u00e8me du Super-G des finales de Coupe du monde \u00e0 Saalbach, en Autriche, ce vendredi. Le jeune homme de 25 ans est ainsi all\u00e9 chercher son premier podium en carri\u00e8re.\r\nLe Valaisan n'a \u00e9t\u00e9 devanc\u00e9 que par ses compatriotes Stefan Rogentin et Lo\u00efc Meillard, sur un podium 100% helv\u00e9tique historique. Le vainqueur du grand globe de cristal et du globe de la discipline, Marco Odermatt, a quant \u00e0 lui pris le cinqui\u00e8me rang.\r\nTout au long de l'hiver, Arnaud Boisset n'a cess\u00e9 d'impressionner. Il a sign\u00e9 six top-15, dont une neuvi\u00e8me place sur la mythique descente de Kitzb\u00fchel.\r\n\r\nThierry Nicolet\r\n\r\n<a href=\"https:\/\/vivresonreve.ch\/wp-content\/uploads\/2024\/03\/boissetsaalbach.jpg\"><img class=\"aligncenter wp-image-7201\" src=\"https:\/\/vivresonreve.ch\/wp-content\/uploads\/2024\/03\/boissetsaalbach-300x200.jpg\" alt=\"\" width=\"359\" height=\"239\" \/><\/a>","_et_gb_content_width":"","footnotes":""},"categories":[30,11,15],"tags":[],"class_list":["post-7200","post","type-post","status-publish","format-standard","hentry","category-arnaud-boisset","category-association","category-sport"],"_links":{"self":[{"href":"https:\/\/vivresonreve.ch\/index.php?rest_route=\/wp\/v2\/posts\/7200","targetHints":{"allow":["GET"]}}],"collection":[{"href":"https:\/\/vivresonreve.ch\/index.php?rest_route=\/wp\/v2\/posts"}],"about":[{"href":"https:\/\/vivresonreve.ch\/index.php?rest_route=\/wp\/v2\/types\/post"}],"author":[{"embeddable":true,"href":"https:\/\/vivresonreve.ch\/index.php?rest_route=\/wp\/v2\/users\/2"}],"replies":[{"embeddable":true,"href":"https:\/\/vivresonreve.ch\/index.php?rest_route=%2Fwp%2Fv2%2Fcomments&post=7200"}],"version-history":[{"count":4,"href":"https:\/\/vivresonreve.ch\/index.php?rest_route=\/wp\/v2\/posts\/7200\/revisions"}],"predecessor-version":[{"id":7209,"href":"https:\/\/vivresonreve.ch\/index.php?rest_route=\/wp\/v2\/posts\/7200\/revisions\/7209"}],"wp:attachment":[{"href":"https:\/\/vivresonreve.ch\/index.php?rest_route=%2Fwp%2Fv2%2Fmedia&parent=7200"}],"wp:term":[{"taxonomy":"category","embeddable":true,"href":"https:\/\/vivresonreve.ch\/index.php?rest_route=%2Fwp%2Fv2%2Fcategories&post=7200"},{"taxonomy":"post_tag","embeddable":true,"href":"https:\/\/vivresonreve.ch\/index.php?rest_route=%2Fwp%2Fv2%2Ftags&post=7200"}],"curies":[{"name":"wp","href":"https:\/\/api.w.org\/{rel}","templated":true}]}}