{"id":6974,"date":"2024-03-05T11:35:32","date_gmt":"2024-03-05T09:35:32","guid":{"rendered":"https:\/\/vivresonreve.ch\/?p=6974"},"modified":"2024-03-05T11:37:36","modified_gmt":"2024-03-05T09:37:36","slug":"alanis-siffert-3-a-putrajaya-en-malaisie","status":"publish","type":"post","link":"https:\/\/vivresonreve.ch\/?p=6974","title":{"rendered":"Alanis Siffert #3 \u00e0 Putrajaya en Malaisie"},"content":{"rendered":"<p>Bonjour \u00e0 toutes et \u00e0 tous,<\/p>\n<p>Ce dimanche 25 f\u00e9vrier 2024, j\u2019ai d\u00e9croch\u00e9 le bronze \u00e0 la coupe d\u2019Asie \u00e0 Putrajaya en Malaisie, en un temps de 59\u201935. Je suis trop contente de pouvoir commencer la saison avec une telle performance et mon premier podium \u00e0 la cl\u00e9, partag\u00e9 avec ma co\u00e9quipi\u00e8re suisse Julie Derron (1\u00e8re place) !<br \/>\nLa course s\u2019est d\u00e9roul\u00e9e sur la distance sprint. Je suis sortie de l\u2019eau en t\u00eate avec deux de mes adversaires. Sur le v\u00e9lo, en travaillant ensemble avec ma co\u00e9quipi\u00e8re Julie, nous avons creus\u00e9 l\u2019\u00e9cart avec le reste du groupe. Arrivant \u00e0 la deuxi\u00e8me transition \u00e0 trois, la course s\u2019est d\u00e9partag\u00e9e sur les 5km de course \u00e0 pied o\u00f9 je me suis battue jusqu\u2019au bout pour d\u00e9crocher la troisi\u00e8me place. Je suis tr\u00e8s heureuse d\u2019avoir pu mettre en pratique toutes mes heures d\u2019entrainement et de voir ma progression. J\u2019ai profit\u00e9 de cette course haute en intensit\u00e9 et en \u00e9motion, que j\u2019ai pu partager avec mon \u00e9quipe.<br \/>\nJ\u2019ai \u00e9galement eu le plaisir de rencontrer quatre jeunes athl\u00e8tes d\u2019Indon\u00e9sie de l\u2019\u00e9quipe Jasalindo Sport ainsi que leur coach Cali Amaral, \u00e9galement coach de l\u2019\u00e9quipe Trisutto. C\u2019\u00e9tait un beau moment de partage et je suis heureuse d\u2019avoir pu inspirer et motiver ces jeunes athl\u00e8tes \u00e0 donner leur meilleur pour atteindre leur r\u00eave et avoir un meilleur futur.<br \/>\nApr\u00e8s avoir profit\u00e9 d\u2019un apr\u00e8s-midi touristique \u00e0 Kuala Lumpur apr\u00e8s ma course, je retourne ce lundi matin en Chine dans le centre sportif de Yuxi, qui se trouve \u00e0 1680m d\u2019altitude. Je m\u2019y entraine avec mon coach Brett Sutton, l\u2019\u00e9quipe nationale chinoise, mes co\u00e9quipiers Suisses, Max Studer et Julie Derron ainsi que Panagiotis Bitados, de l\u2019\u00e9quipe Grecque, depuis d\u00e9but janvier. J\u2019y resterai jusqu\u2019en mai. Nous partageons toutes les s\u00e9ances d\u2019entrainements et le travail d\u2019\u00e9quipe m\u2019aide \u00e0 repousser mes limites et m\u2019am\u00e9liorer dans les trois disciplines. L\u2019endroit est g\u00e9nial et m\u2019offre la possibilit\u00e9 de m\u2019entrainer dans de parfaites conditions. L\u2019ambiance est tr\u00e8s agr\u00e9able et j\u2019\u00e9prouve du plaisir \u00e0 donner le meilleur de moi-m\u00eame chaque jour.<br \/>\nSi tu veux en savoir plus au sujet de mon quotidien en Chine rythm\u00e9 de trois entrainement par jour, visite mon blog et d\u00e9couvre les facettes atypiques de la Chine: <a href=\"https:\/\/alanissiffert.ch\/triathlon\/mon-quotidien-dentrainement-en-chine\/\" target=\"_blank\" rel=\"noopener\">Mon quotidien en Chine<\/a><\/p>\n<p>Ma prochaine course se d\u00e9roulera le 23 mars 2024, je prendrai part \u00e0 la Coupe du Monde \u00e0 Hong Kong.<\/p>\n<p>Alanis Siffert<\/p>\n<p><a href=\"https:\/\/alanissiffert.ch\/\" target=\"_blank\" rel=\"noopener\"><img loading=\"lazy\" decoding=\"async\" class=\"aligncenter wp-image-6975\" src=\"https:\/\/vivresonreve.ch\/wp-content\/uploads\/2024\/03\/PUTRAJAYA-300x225.jpg\" alt=\"\" width=\"401\" height=\"301\" \/><\/a><\/p>\n","protected":false},"excerpt":{"rendered":"<p>Bonjour \u00e0 toutes et \u00e0 tous, Ce dimanche 25 f\u00e9vrier 2024, j\u2019ai d\u00e9croch\u00e9 le bronze \u00e0 la coupe d\u2019Asie \u00e0 Putrajaya en Malaisie, en un temps de 59\u201935. Je suis trop contente de pouvoir commencer la saison avec une telle performance et mon premier podium \u00e0 la cl\u00e9, partag\u00e9 avec ma co\u00e9quipi\u00e8re suisse Julie Derron [&hellip;]<\/p>\n","protected":false},"author":2,"featured_media":0,"comment_status":"open","ping_status":"open","sticky":true,"template":"","format":"standard","meta":{"_et_pb_use_builder":"","_et_pb_old_content":"","_et_gb_content_width":"","footnotes":""},"categories":[70,11,15],"tags":[],"class_list":["post-6974","post","type-post","status-publish","format-standard","hentry","category-alanis-siffert","category-association","category-sport"],"_links":{"self":[{"href":"https:\/\/vivresonreve.ch\/index.php?rest_route=\/wp\/v2\/posts\/6974","targetHints":{"allow":["GET"]}}],"collection":[{"href":"https:\/\/vivresonreve.ch\/index.php?rest_route=\/wp\/v2\/posts"}],"about":[{"href":"https:\/\/vivresonreve.ch\/index.php?rest_route=\/wp\/v2\/types\/post"}],"author":[{"embeddable":true,"href":"https:\/\/vivresonreve.ch\/index.php?rest_route=\/wp\/v2\/users\/2"}],"replies":[{"embeddable":true,"href":"https:\/\/vivresonreve.ch\/index.php?rest_route=%2Fwp%2Fv2%2Fcomments&post=6974"}],"version-history":[{"count":1,"href":"https:\/\/vivresonreve.ch\/index.php?rest_route=\/wp\/v2\/posts\/6974\/revisions"}],"predecessor-version":[{"id":6976,"href":"https:\/\/vivresonreve.ch\/index.php?rest_route=\/wp\/v2\/posts\/6974\/revisions\/6976"}],"wp:attachment":[{"href":"https:\/\/vivresonreve.ch\/index.php?rest_route=%2Fwp%2Fv2%2Fmedia&parent=6974"}],"wp:term":[{"taxonomy":"category","embeddable":true,"href":"https:\/\/vivresonreve.ch\/index.php?rest_route=%2Fwp%2Fv2%2Fcategories&post=6974"},{"taxonomy":"post_tag","embeddable":true,"href":"https:\/\/vivresonreve.ch\/index.php?rest_route=%2Fwp%2Fv2%2Ftags&post=6974"}],"curies":[{"name":"wp","href":"https:\/\/api.w.org\/{rel}","templated":true}]}}