{"id":6776,"date":"2024-01-11T12:30:59","date_gmt":"2024-01-11T10:30:59","guid":{"rendered":"https:\/\/vivresonreve.ch\/?p=6776"},"modified":"2024-01-11T12:35:09","modified_gmt":"2024-01-11T10:35:09","slug":"news-alanis-siffert-8-8","status":"publish","type":"post","link":"https:\/\/vivresonreve.ch\/?p=6776","title":{"rendered":"Alanis Siffert Bilan sportif 2023"},"content":{"rendered":"<p>Bonjour \u00e0 toutes et tous,<br \/>\nL\u2019ann\u00e9e 2023 \u00e9tant termin\u00e9e, revenons ensemble sur les moments forts et les enseignements de cette saison exceptionnelle.<br \/>\nPlonge dans le r\u00e9cit captivant de ma saison de triathlon 2023 en consultant mon dernier blog sur l&rsquo;image ci-dessous<\/p>\n<p><a href=\"https:\/\/alanissiffert.ch\/triathlon\/saison-2023-entre-defis-apprentissages-et-victoires\" target=\"_blank\" rel=\"noopener\"><img loading=\"lazy\" decoding=\"async\" class=\"size-medium wp-image-6777 aligncenter\" src=\"https:\/\/vivresonreve.ch\/wp-content\/uploads\/2024\/01\/ALANIS2023_01-300x207.png\" alt=\"\" width=\"300\" height=\"207\" \/><\/a><br \/>\nSi tu veux d\u00e9couvrir l&rsquo;ensemble de mes r\u00e9sultats pour l&rsquo;ann\u00e9e 2023, clique sur la photo ci-dessous<\/p>\n<p><a href=\"https:\/\/alanissiffert.ch\/galerie\" target=\"_blank\" rel=\"noopener\"><img loading=\"lazy\" decoding=\"async\" class=\"size-medium wp-image-6778 aligncenter\" src=\"https:\/\/vivresonreve.ch\/wp-content\/uploads\/2024\/01\/ALANIS2023_02-300x200.jpg\" alt=\"\" width=\"300\" height=\"200\" \/><\/a><br \/>\nCette saison a \u00e9t\u00e9 bien plus qu&rsquo;une succession de comp\u00e9titions. Ma d\u00e9termination, ma discipline, ma pers\u00e9v\u00e9rance et ma performance m\u2019ont guid\u00e9 pendant chaque \u00e9tape. Les d\u00e9fis rencontr\u00e9s ont \u00e9t\u00e9 des opportunit\u00e9s d&rsquo;apprentissage, je suis reconnaissante de pouvoir compter sur vous.<br \/>\nD\u00e9couvre mes partenaires fid\u00e8les et sponsors qui m&rsquo;apportent un soutien inestimable: en cliquant sur l&rsquo;image ci-dessous<\/p>\n<p><a href=\"https:\/\/alanissiffert.ch\/partners\" target=\"_blank\" rel=\"noopener\"><img loading=\"lazy\" decoding=\"async\" class=\"size-medium wp-image-6779 aligncenter\" src=\"https:\/\/vivresonreve.ch\/wp-content\/uploads\/2024\/01\/ALANIS2023_03-300x200.jpg\" alt=\"\" width=\"300\" height=\"200\" \/><\/a><\/p>\n<p>Le 8 janvier 2024, je m&rsquo;envolerai vers la Chine pour rejoindre mon coach, Brett Sutton, et m&rsquo;entra\u00eener pendant quatre mois \u00e0 la base de Kunming, en altitude. Cette pr\u00e9paration m&rsquo;offrira l&rsquo;opportunit\u00e9 d&rsquo;entamer la saison de comp\u00e9tition d\u00e8s le mois de mars avec la Coupe du Monde \u00e0 Hong Kong, puis d&rsquo;autres courses pr\u00e9vues en Asie.<br \/>\nJe vous souhaite une Ann\u00e9e 2024, pleine de vitalit\u00e9 et de r\u00e9ussite sportives ! Que cette nouvelle ann\u00e9e soit source d&rsquo;\u00e9nergie et de motivation pour vous et vos proches, afin d&rsquo;atteindre de nouveaux sommets.<br \/>\n\u00c0 bient\u00f4t pour de nouvelles aventures sportives et des succ\u00e8s !<\/p>\n<p><a href=\"https:\/\/alanissiffert.ch\/\" target=\"_blank\" rel=\"noopener\"><img loading=\"lazy\" decoding=\"async\" class=\"size-medium wp-image-6782 aligncenter\" src=\"https:\/\/vivresonreve.ch\/wp-content\/uploads\/2024\/01\/ALANIS2023_04-225x300.jpg\" alt=\"\" width=\"225\" height=\"300\" \/><\/a><\/p>\n<p>&nbsp;<\/p>\n","protected":false},"excerpt":{"rendered":"<p>Bonjour \u00e0 toutes et tous, L\u2019ann\u00e9e 2023 \u00e9tant termin\u00e9e, revenons ensemble sur les moments forts et les enseignements de cette saison exceptionnelle. Plonge dans le r\u00e9cit captivant de ma saison de triathlon 2023 en consultant mon dernier blog sur l&rsquo;image ci-dessous Si tu veux d\u00e9couvrir l&rsquo;ensemble de mes r\u00e9sultats pour l&rsquo;ann\u00e9e 2023, clique sur la [&hellip;]<\/p>\n","protected":false},"author":2,"featured_media":0,"comment_status":"open","ping_status":"open","sticky":true,"template":"","format":"standard","meta":{"_et_pb_use_builder":"","_et_pb_old_content":"","_et_gb_content_width":"","footnotes":""},"categories":[70,11,15],"tags":[],"class_list":["post-6776","post","type-post","status-publish","format-standard","hentry","category-alanis-siffert","category-association","category-sport"],"_links":{"self":[{"href":"https:\/\/vivresonreve.ch\/index.php?rest_route=\/wp\/v2\/posts\/6776","targetHints":{"allow":["GET"]}}],"collection":[{"href":"https:\/\/vivresonreve.ch\/index.php?rest_route=\/wp\/v2\/posts"}],"about":[{"href":"https:\/\/vivresonreve.ch\/index.php?rest_route=\/wp\/v2\/types\/post"}],"author":[{"embeddable":true,"href":"https:\/\/vivresonreve.ch\/index.php?rest_route=\/wp\/v2\/users\/2"}],"replies":[{"embeddable":true,"href":"https:\/\/vivresonreve.ch\/index.php?rest_route=%2Fwp%2Fv2%2Fcomments&post=6776"}],"version-history":[{"count":6,"href":"https:\/\/vivresonreve.ch\/index.php?rest_route=\/wp\/v2\/posts\/6776\/revisions"}],"predecessor-version":[{"id":6786,"href":"https:\/\/vivresonreve.ch\/index.php?rest_route=\/wp\/v2\/posts\/6776\/revisions\/6786"}],"wp:attachment":[{"href":"https:\/\/vivresonreve.ch\/index.php?rest_route=%2Fwp%2Fv2%2Fmedia&parent=6776"}],"wp:term":[{"taxonomy":"category","embeddable":true,"href":"https:\/\/vivresonreve.ch\/index.php?rest_route=%2Fwp%2Fv2%2Fcategories&post=6776"},{"taxonomy":"post_tag","embeddable":true,"href":"https:\/\/vivresonreve.ch\/index.php?rest_route=%2Fwp%2Fv2%2Ftags&post=6776"}],"curies":[{"name":"wp","href":"https:\/\/api.w.org\/{rel}","templated":true}]}}