{"id":6753,"date":"2023-12-15T14:34:33","date_gmt":"2023-12-15T12:34:33","guid":{"rendered":"https:\/\/vivresonreve.ch\/?p=6753"},"modified":"2023-12-26T10:24:33","modified_gmt":"2023-12-26T08:24:33","slug":"news-arnaud-boisset-11","status":"publish","type":"post","link":"https:\/\/vivresonreve.ch\/?p=6753","title":{"rendered":"Arnaud Boisset quelle premi\u00e8re"},"content":{"rendered":"<p>J&rsquo;ai enfin particip\u00e9 \u00e0 ma premi\u00e8re coupe du monde le vendredi 15 d\u00e9cembre 2023, Val Gardena.<br \/>\nD\u00e8s mon r\u00e9veil, l&rsquo;excitation \u00e9tait palpable. J&rsquo;ai tent\u00e9 de me calmer pour ne pas gaspiller trop d&rsquo;\u00e9nergie inutilement. Mon plan \u00e9tait clair : prendre des risques et ne rien regretter. Lorsque je franchis la ligne d&rsquo;arriv\u00e9e, une sensation de lib\u00e9ration m&rsquo;envahit. Je r\u00e9alise alors que j&rsquo;ai fait forte impression d\u00e8s ma premi\u00e8re course avec un 14\u1d49 temps provisoire (pour un 19\u1d49 rang final). Je ne suis d&rsquo;ordinaire pas tr\u00e8s \u00e9motif, mais \u00e0 ce moment-l\u00e0, j&rsquo;avoue avoir perdu le contr\u00f4le quelques minutes&#8230;<br \/>\nCes \u00e9motions ont le pouvoir d&rsquo;effacer la douleur des entra\u00eenements physiques intenses de l&rsquo;\u00e9t\u00e9, des obstacles difficiles et des nombreux sacrifices. Vivre de telles \u00e9motions gr\u00e2ce \u00e0 mon sport est un privil\u00e8ge infini pour lequel je suis tellement reconnaissant<br \/>\nL&rsquo;attente fut longue, mais le succ\u00e8s en est d&rsquo;autant plus exquis. Si c&rsquo;\u00e9tait \u00e0 refaire ? Sans h\u00e9siter, je le referais 1000 fois.<br \/>\n\u00c0 ce stade de ma carri\u00e8re, j&rsquo;aimerais marquer une pause pour remercier chacun d&rsquo;entre vous, pour votre soutien ind\u00e9fectible tout au long de mon parcours. De pr\u00e8s ou de loin, votre contribution a \u00e9t\u00e9 une pierre de plus \u00e0 l&rsquo;\u00e9difice. Des membres du Fan&rsquo;s club \u00e0 mes amis, ma famille, aux pr\u00e9parateurs de skis, aux entra\u00eeneurs de ski, de condition physique, aux physioth\u00e9rapeutes, aux m\u00e9decins et \u00e0 tous mes partenaires et sponsors, vous avez \u00e9t\u00e9 l\u00e0, surtout dans les moments difficiles. Sans vous, rien de tout cela n&rsquo;aurait \u00e9t\u00e9 possible&#8230; Merci !<br \/>\nMa prochaine \u00e9ch\u00e9ance sera Bormio le 28 d\u00e9cembre pour la descente \u00e0 laquelle j&rsquo;esp\u00e8re me qualifier et le 29 pour le super-G. L&rsquo;objectif est de continuer sur la m\u00eame lanc\u00e9e qu&rsquo;\u00e0 Val Gardena.<br \/>\nIl me reste encore \u00e0 vous souhaiter de belles f\u00eates de fin d&rsquo;ann\u00e9e et \u00e0 l&rsquo;ann\u00e9e prochaine pour ceux qui ne seront pas pr\u00e9sents \u00e0 Bormio.<\/p>\n<p><a href=\"https:\/\/skiactu.ch\/fierte-et-emotion-arnaud-boisset-a-pleinement-vecu-sa-premiere\/\"><img loading=\"lazy\" decoding=\"async\" class=\"aligncenter  wp-image-6768\" src=\"https:\/\/vivresonreve.ch\/wp-content\/uploads\/2023\/12\/ARNAUD_VAL-1-300x195.jpg\" alt=\"\" width=\"366\" height=\"238\" \/><\/a><br \/>\n<a href=\"https:\/\/skiactu.ch\/fierte-et-emotion-arnaud-boisset-a-pleinement-vecu-sa-premiere\/\"><img loading=\"lazy\" decoding=\"async\" class=\"aligncenter  wp-image-6769\" src=\"https:\/\/vivresonreve.ch\/wp-content\/uploads\/2023\/12\/ARNAUD_VAL2-300x195.jpg\" alt=\"\" width=\"360\" height=\"234\" \/><\/a><\/p>\n","protected":false},"excerpt":{"rendered":"<p>J&rsquo;ai enfin particip\u00e9 \u00e0 ma premi\u00e8re coupe du monde le vendredi 15 d\u00e9cembre 2023, Val Gardena. D\u00e8s mon r\u00e9veil, l&rsquo;excitation \u00e9tait palpable. J&rsquo;ai tent\u00e9 de me calmer pour ne pas gaspiller trop d&rsquo;\u00e9nergie inutilement. Mon plan \u00e9tait clair : prendre des risques et ne rien regretter. Lorsque je franchis la ligne d&rsquo;arriv\u00e9e, une sensation de [&hellip;]<\/p>\n","protected":false},"author":2,"featured_media":0,"comment_status":"open","ping_status":"open","sticky":true,"template":"","format":"standard","meta":{"_et_pb_use_builder":"","_et_pb_old_content":"","_et_gb_content_width":"","footnotes":""},"categories":[30,11,15],"tags":[],"class_list":["post-6753","post","type-post","status-publish","format-standard","hentry","category-arnaud-boisset","category-association","category-sport"],"_links":{"self":[{"href":"https:\/\/vivresonreve.ch\/index.php?rest_route=\/wp\/v2\/posts\/6753","targetHints":{"allow":["GET"]}}],"collection":[{"href":"https:\/\/vivresonreve.ch\/index.php?rest_route=\/wp\/v2\/posts"}],"about":[{"href":"https:\/\/vivresonreve.ch\/index.php?rest_route=\/wp\/v2\/types\/post"}],"author":[{"embeddable":true,"href":"https:\/\/vivresonreve.ch\/index.php?rest_route=\/wp\/v2\/users\/2"}],"replies":[{"embeddable":true,"href":"https:\/\/vivresonreve.ch\/index.php?rest_route=%2Fwp%2Fv2%2Fcomments&post=6753"}],"version-history":[{"count":9,"href":"https:\/\/vivresonreve.ch\/index.php?rest_route=\/wp\/v2\/posts\/6753\/revisions"}],"predecessor-version":[{"id":6770,"href":"https:\/\/vivresonreve.ch\/index.php?rest_route=\/wp\/v2\/posts\/6753\/revisions\/6770"}],"wp:attachment":[{"href":"https:\/\/vivresonreve.ch\/index.php?rest_route=%2Fwp%2Fv2%2Fmedia&parent=6753"}],"wp:term":[{"taxonomy":"category","embeddable":true,"href":"https:\/\/vivresonreve.ch\/index.php?rest_route=%2Fwp%2Fv2%2Fcategories&post=6753"},{"taxonomy":"post_tag","embeddable":true,"href":"https:\/\/vivresonreve.ch\/index.php?rest_route=%2Fwp%2Fv2%2Ftags&post=6753"}],"curies":[{"name":"wp","href":"https:\/\/api.w.org\/{rel}","templated":true}]}}