{"id":6743,"date":"2023-11-30T13:59:52","date_gmt":"2023-11-30T11:59:52","guid":{"rendered":"https:\/\/vivresonreve.ch\/?p=6743"},"modified":"2023-11-30T14:00:29","modified_gmt":"2023-11-30T12:00:29","slug":"news-arnaud-boisset-10","status":"publish","type":"post","link":"https:\/\/vivresonreve.ch\/?p=6743","title":{"rendered":"Arnaud Boisset qualifi\u00e9"},"content":{"rendered":"<p>Arnaud Boisset qualifi\u00e9 pour les descentes de Beaver Creek.<br \/>\nArnaud Boisset fera ses d\u00e9buts vendredi en Coupe du monde. Il a sign\u00e9 un tr\u00e8s bon 18e temps lors du second entra\u00eenement qui faisait office de qualifications internes. Niels Hintermann a r\u00e9alis\u00e9 le 3e chrono.<br \/>\nArnaud Boisset va vivre sa grande premi\u00e8re en Coupe du monde au Colorado. Le Valaisan a pris un excellent 18e rang lors du second entra\u00eenement des descentes de Beaver Creek. En qualifications internes, le skieur de Martigny a nettement pris le meilleur sur ses compatriotes avec lesquels il \u00e9tait en comp\u00e9tition, \u00e0 savoir Lars R\u00f6sti (28e) et Ralph Weber (32e). Si la m\u00e9t\u00e9o le permet, Arnaud Boisset va donc vivre son bapt\u00eame sur le Cirque blanc vendredi 1 d\u00e9cembre 2023.<\/p>\n<p><a href=\"https:\/\/vivresonreve.ch\/wp-content\/uploads\/2023\/05\/ARNAUD_6_02.jpg\"><img loading=\"lazy\" decoding=\"async\" class=\"aligncenter size-medium wp-image-6203\" src=\"https:\/\/vivresonreve.ch\/wp-content\/uploads\/2023\/05\/ARNAUD_6_02-300x200.jpg\" alt=\"\" width=\"300\" height=\"200\" \/><\/a><\/p>\n","protected":false},"excerpt":{"rendered":"<p>Arnaud Boisset qualifi\u00e9 pour les descentes de Beaver Creek. Arnaud Boisset fera ses d\u00e9buts vendredi en Coupe du monde. Il a sign\u00e9 un tr\u00e8s bon 18e temps lors du second entra\u00eenement qui faisait office de qualifications internes. Niels Hintermann a r\u00e9alis\u00e9 le 3e chrono. Arnaud Boisset va vivre sa grande premi\u00e8re en Coupe du monde [&hellip;]<\/p>\n","protected":false},"author":2,"featured_media":0,"comment_status":"open","ping_status":"open","sticky":true,"template":"","format":"standard","meta":{"_et_pb_use_builder":"","_et_pb_old_content":"","_et_gb_content_width":"","footnotes":""},"categories":[30,11,15],"tags":[],"class_list":["post-6743","post","type-post","status-publish","format-standard","hentry","category-arnaud-boisset","category-association","category-sport"],"_links":{"self":[{"href":"https:\/\/vivresonreve.ch\/index.php?rest_route=\/wp\/v2\/posts\/6743","targetHints":{"allow":["GET"]}}],"collection":[{"href":"https:\/\/vivresonreve.ch\/index.php?rest_route=\/wp\/v2\/posts"}],"about":[{"href":"https:\/\/vivresonreve.ch\/index.php?rest_route=\/wp\/v2\/types\/post"}],"author":[{"embeddable":true,"href":"https:\/\/vivresonreve.ch\/index.php?rest_route=\/wp\/v2\/users\/2"}],"replies":[{"embeddable":true,"href":"https:\/\/vivresonreve.ch\/index.php?rest_route=%2Fwp%2Fv2%2Fcomments&post=6743"}],"version-history":[{"count":1,"href":"https:\/\/vivresonreve.ch\/index.php?rest_route=\/wp\/v2\/posts\/6743\/revisions"}],"predecessor-version":[{"id":6744,"href":"https:\/\/vivresonreve.ch\/index.php?rest_route=\/wp\/v2\/posts\/6743\/revisions\/6744"}],"wp:attachment":[{"href":"https:\/\/vivresonreve.ch\/index.php?rest_route=%2Fwp%2Fv2%2Fmedia&parent=6743"}],"wp:term":[{"taxonomy":"category","embeddable":true,"href":"https:\/\/vivresonreve.ch\/index.php?rest_route=%2Fwp%2Fv2%2Fcategories&post=6743"},{"taxonomy":"post_tag","embeddable":true,"href":"https:\/\/vivresonreve.ch\/index.php?rest_route=%2Fwp%2Fv2%2Ftags&post=6743"}],"curies":[{"name":"wp","href":"https:\/\/api.w.org\/{rel}","templated":true}]}}