{"id":6730,"date":"2023-11-15T10:03:18","date_gmt":"2023-11-15T08:03:18","guid":{"rendered":"https:\/\/vivresonreve.ch\/?p=6730"},"modified":"2023-11-15T10:03:52","modified_gmt":"2023-11-15T08:03:52","slug":"ambassadrice-espoir-marie-kolly","status":"publish","type":"post","link":"https:\/\/vivresonreve.ch\/?p=6730","title":{"rendered":"Ambassadrice espoir (Marie Kolly)"},"content":{"rendered":"<p>En d\u00e9calage avec les attentes, Marie Kolly raccroche ses patins.<br \/>\nLa patineuse d\u2019Hauteville, expatri\u00e9e \u00e0 Madrid depuis 2019, a d\u00e9cid\u00e9 de mettre un terme \u00e0 sa carri\u00e8re, \u00e0 24 ans.<br \/>\nElle y pensait depuis un moment d\u00e9j\u00e0. Toutefois, elle ne se voyait pas l\u2019annoncer aussi rapidement aux m\u00e9dias, \u00e0 La Gruy\u00e8re notamment, qui a r\u00e9v\u00e9l\u00e9 l\u2019information ce mardi. Us\u00e9e mentalement, la Gru\u00e9rienne Marie Kolly a d\u00e9cid\u00e9 de mettre un terme \u00e0 sa carri\u00e8re \u00e0 24 ans et ce, avant les derniers objectifs qu\u2019elle s\u2019\u00e9tait fix\u00e9s, \u00e0 savoir la d\u00e9fense de son titre de championne d\u2019Espagne en d\u00e9cembre, puis le championnat d\u2019Europe en Lituanie le mois suivant.<br \/>\n\u00abJ\u2019ai vraiment essay\u00e9 d\u2019y arriver, de m\u2019entra\u00eener \u00e0 fond, mais je me suis rendu compte que j\u2019\u00e9tais en d\u00e9calage avec ce qu\u2019on attendait de moi, je ne parvenais plus \u00e0 r\u00e9aliser au quotidien l\u2019effort n\u00e9cessaire pour performer au plus haut niveau, explique-t-elle. J\u2019ai continu\u00e9 \u00e0 m\u2019entra\u00eener s\u00e9rieusement et avec qualit\u00e9, mais sans y prendre autant de plaisir qu\u2019auparavant. Mes entra\u00eeneurs m\u2019ont d\u2019ailleurs confi\u00e9 qu\u2019ils me sentaient un peu fuera \u00bb. Litt\u00e9ralement \u00ab dehors \u00bb, mais comprenez \u00ab moins concern\u00e9e \u00bb. Ceci, apr\u00e8s 17 ans de comp\u00e9tition. \u00ab J\u2019ai gagn\u00e9 ce que je pouvais en Espagne, surtout avec ce titre de championne nationale l\u2019an dernier. Je pr\u00e9f\u00e8re arr\u00eater l\u00e0-dessus. \u00bb<br \/>\nUne peur combl\u00e9e<br \/>\nL\u2019athl\u00e8te d\u2019Hauteville l\u2019assure : elle part sans regret. Je craignais de devoir raccrocher les patins sans n\u2019avoir jamais rien remport\u00e9 d\u2019important. Heureusement, la saison derni\u00e8re m\u2019a permis de combler cet objectif. Certes, je n\u2019aurai jamais conquis l\u2019or mondial ou europ\u00e9en, mais je peux d\u00e9j\u00e0 \u00eatre tr\u00e8s fi\u00e8re de ce titre de championne d\u2019Espagne. \u00bb<br \/>\nL\u2019ancienne du Club de patinage de la Gruy\u00e8re avait d\u00e9cid\u00e9 en 2019 de se rendre dans le pays de sa grand-maman pour y exercer son sport et s\u2019offrir un nouveau d\u00e9part, le tout en repr\u00e9sentant son pays d\u2019adoption lors des comp\u00e9titions internationales. A Madrid, elle dit avoir d\u00e9couvert une discipline \u00ab moins individualiste qu\u2019en Suisse \u00bb. Et d\u2019ajouter : \u00ab Je me suis beaucoup am\u00e9lior\u00e9e depuis mon arriv\u00e9e, mais \u00e0 bient\u00f4t 25 ans, je sentais que ma marge de progression \u00e9tait malheureusement devenue infime. \u00bb<br \/>\nL\u2019\u00e9motion des adieux se lit facilement dans les propos de Marie Kolly, \u00e0 qui la comp\u00e9tition manquera s\u00fbrement, un peu, au d\u00e9but. Mais l\u2019assurance d\u2019avoir fait le bon choix surpasse les \u00e9ventuels regrets. \u00ab J\u2019estime que tout ce que j\u2019ai v\u00e9cu a permis de me forger en tant que personne et d\u00e9velopper ma force mentale. Mais il faut l\u2019admettre : cela n\u2019a pas \u00e9t\u00e9 facile d\u2019\u00e9voluer dans ce sport relativement ingrat, avec une concurrence souvent malsaine. De plus, il a toujours fallu se d\u00e9brouiller seule, sans aides financi\u00e8res. Mes parents ont pratiquement pris tous les frais de ma carri\u00e8re \u00e0 leur charge. \u00bb De quoi d\u00e9conseiller aux jeunes espoirs du patinage artistique de tenter de percer \u00e0 haut niveau ? \u00ab Non, \u00e7a reste un sport magnifique, mais qui demande beaucoup de courage. Surtout, il faut \u00eatre pr\u00eat \u00e0 tracer son chemin seul, sans rien n\u2019attendre de personne. \u00bb<br \/>\nUn discours en guise d\u2019avertissement qu\u2019elle tient d\u00e9j\u00e0 aux plus jeunes, \u00e0 qui elle transmet son savoir plusieurs fois par semaine, au sein de l\u2019\u00e9cole de patinage madril\u00e8ne. Car si la conseill\u00e8re financi\u00e8re de profession met un terme \u00e0 sa carri\u00e8re personnelle, elle ne quitte pas pour autant le monde du patinage artistique, ni la capitale ib\u00e9rique.<\/p>\n<p><strong>Jonas Ruffieux La Libert\u00e9<\/strong><\/p>\n","protected":false},"excerpt":{"rendered":"<p>En d\u00e9calage avec les attentes, Marie Kolly raccroche ses patins. La patineuse d\u2019Hauteville, expatri\u00e9e \u00e0 Madrid depuis 2019, a d\u00e9cid\u00e9 de mettre un terme \u00e0 sa carri\u00e8re, \u00e0 24 ans. Elle y pensait depuis un moment d\u00e9j\u00e0. Toutefois, elle ne se voyait pas l\u2019annoncer aussi rapidement aux m\u00e9dias, \u00e0 La Gruy\u00e8re notamment, qui a r\u00e9v\u00e9l\u00e9 [&hellip;]<\/p>\n","protected":false},"author":2,"featured_media":0,"comment_status":"open","ping_status":"open","sticky":true,"template":"","format":"standard","meta":{"_et_pb_use_builder":"","_et_pb_old_content":"","_et_gb_content_width":"","footnotes":""},"categories":[11,29,15],"tags":[],"class_list":["post-6730","post","type-post","status-publish","format-standard","hentry","category-association","category-marie-kolly","category-sport"],"_links":{"self":[{"href":"https:\/\/vivresonreve.ch\/index.php?rest_route=\/wp\/v2\/posts\/6730","targetHints":{"allow":["GET"]}}],"collection":[{"href":"https:\/\/vivresonreve.ch\/index.php?rest_route=\/wp\/v2\/posts"}],"about":[{"href":"https:\/\/vivresonreve.ch\/index.php?rest_route=\/wp\/v2\/types\/post"}],"author":[{"embeddable":true,"href":"https:\/\/vivresonreve.ch\/index.php?rest_route=\/wp\/v2\/users\/2"}],"replies":[{"embeddable":true,"href":"https:\/\/vivresonreve.ch\/index.php?rest_route=%2Fwp%2Fv2%2Fcomments&post=6730"}],"version-history":[{"count":1,"href":"https:\/\/vivresonreve.ch\/index.php?rest_route=\/wp\/v2\/posts\/6730\/revisions"}],"predecessor-version":[{"id":6731,"href":"https:\/\/vivresonreve.ch\/index.php?rest_route=\/wp\/v2\/posts\/6730\/revisions\/6731"}],"wp:attachment":[{"href":"https:\/\/vivresonreve.ch\/index.php?rest_route=%2Fwp%2Fv2%2Fmedia&parent=6730"}],"wp:term":[{"taxonomy":"category","embeddable":true,"href":"https:\/\/vivresonreve.ch\/index.php?rest_route=%2Fwp%2Fv2%2Fcategories&post=6730"},{"taxonomy":"post_tag","embeddable":true,"href":"https:\/\/vivresonreve.ch\/index.php?rest_route=%2Fwp%2Fv2%2Ftags&post=6730"}],"curies":[{"name":"wp","href":"https:\/\/api.w.org\/{rel}","templated":true}]}}