{"id":6727,"date":"2023-11-15T09:46:43","date_gmt":"2023-11-15T07:46:43","guid":{"rendered":"https:\/\/vivresonreve.ch\/?p=6727"},"modified":"2023-11-15T09:47:19","modified_gmt":"2023-11-15T07:47:19","slug":"kylian-nestola-5","status":"publish","type":"post","link":"https:\/\/vivresonreve.ch\/?p=6727","title":{"rendered":"News Kylian Nestola fin de saison"},"content":{"rendered":"<p>Bonjour \u00e0 toutes et \u00e0 tous,<br \/>\nLa saison 2023 arrive \u00e0 terme et voici le dernier communiqu\u00e9 de la saison.<br \/>\nNous sommes arriv\u00e9s \u00e0 Valence mercredi soir et les conditions m\u00e9t\u00e9orologiques \u00e9taient extr\u00eames avec des rafales de vent atteignant les 100km\/h.<br \/>\nComme tout le monde s&rsquo;y attendait, la f\u00e9d\u00e9ration a d\u00e9cid\u00e9 de ne pas nous faire rouler jeudi et vendredi pour des raisons de s\u00e9curit\u00e9 \u00e9videntes. Pour \u00eatre honn\u00eate, \u00e7a ne m&rsquo;arrangeait pas trop,car la piste avait r\u00e9cemment \u00e9t\u00e9 refaite \u00e0 neuf et \u00e7a laissait donc un grand avantage aux pilotes espagnols qui eux la connaissaient d\u00e9j\u00e0 par c\u0153ur.<br \/>\nNous nous sommes donc retrouv\u00e9s avec un samedi condens\u00e9 dans lequel nous avons eu 10min d&rsquo;essai libre (au lieu de 160min) et directement les \u00e9preuves qualificatives.<br \/>\nCelles-ci n&rsquo;ont pas \u00e9t\u00e9 de tout repos&#8230; Comme certains d&rsquo;entre vous le savent d\u00e9j\u00e0, je suis en conflit avec mon \u00e9quipe, car ils manquent cruellement de professionnalisme cette ann\u00e9e et ne travaillent pas assez sur ma moto. Lors du second \u00ab\u00a0stint\u00a0\u00bb (deuxi\u00e8me run lanc\u00e9 d&rsquo;un essai qualificatif) j&rsquo;ai donc d\u00e9cid\u00e9 de faire un coup de poker. Je m&rsquo;explique : la moto \u00e9tant instable, je prenais \u00e9norm\u00e9ment de risque sur piste pour des positions qui n&rsquo;en valent pas la peine. J&rsquo;ai par cons\u00e9quent \u00ab\u00a0menac\u00e9\u00a0\u00bb l&rsquo;\u00e9quipe de ne plus retourner sur piste s&rsquo;ils ne r\u00e9glaient pas les probl\u00e8mes quitte \u00e0 partir en course avec une moto \u00ab\u00a0inconnue\u00a0\u00bb. Chose que finalement, ils ont faite.<br \/>\nJe partais donc 16\u00e8me sur la grille avec un chrono tr\u00e8s loin du top 10, mais avec beaucoup de confiance en ces nouveaux r\u00e9glages. Apr\u00e8s un d\u00e9part muscl\u00e9, rempli d&rsquo;accrochage, commencent les 18 tours les plus satisfaisants de la saison. J&rsquo;\u00e9tais extr\u00eamement \u00e0 l&rsquo;aise sur la moto et r\u00e9cup\u00e9rais un maximum de place sans prendre aucun risque. Je d\u00e9passe plein de pilotes dont deux de mes co\u00e9quipiers et termine cette derni\u00e8re course pas loin de la neuvi\u00e8me place (avec le neuvi\u00e8me meilleur temps en course) mais finit surtout premier \u00ab\u00a0Europ\u00e9en non-espagnol\u00a0\u00bb.<br \/>\n\u00c0 mes yeux, c&rsquo;est une victoire, car mon coup de poker a fonctionn\u00e9 et j&rsquo;ai prouv\u00e9 que j&rsquo;avais le niveau pour aller jouer un podium avec un peu de travail.<br \/>\nNous avons pris la d\u00e9cision de quitter cette \u00e9quipe pour la suite d\u00fb aux raisons cit\u00e9es ci-dessus et un contrat de deux ans m&rsquo;a \u00e9t\u00e9 propos\u00e9 par un autre Team. Ils sont actuellement en train de le finaliser celui-ci avec mes conditions et je le signerai tr\u00e8s probablement dans les semaines \u00e0 venir.<br \/>\nJe tiens encore une fois \u00e0 vous remercier pour votre soutien, car sans vous, rien de tout cela ne serait possible !<br \/>\nEn esp\u00e9rant vous donner des nouvelles au plus vite sur la suite, je vous souhaite mes salutations les meilleures.<br \/>\nKylian Nestola<\/p>\n<p><a href=\"https:\/\/www.gofundme.com\/f\/championnat-deurope-moto2-2023?utm_campaign=p_cp+share-sheet&amp;utm_medium=copy_link_all&amp;utm_source=customer\" target=\"_blank\" rel=\"noopener\"><img loading=\"lazy\" decoding=\"async\" class=\"aligncenter wp-image-6267\" src=\"https:\/\/vivresonreve.ch\/wp-content\/uploads\/2023\/05\/NESTOLA_01-300x200.jpg\" alt=\"\" width=\"396\" height=\"264\" \/><\/a><\/p>\n","protected":false},"excerpt":{"rendered":"<p>Bonjour \u00e0 toutes et \u00e0 tous, La saison 2023 arrive \u00e0 terme et voici le dernier communiqu\u00e9 de la saison. Nous sommes arriv\u00e9s \u00e0 Valence mercredi soir et les conditions m\u00e9t\u00e9orologiques \u00e9taient extr\u00eames avec des rafales de vent atteignant les 100km\/h. Comme tout le monde s&rsquo;y attendait, la f\u00e9d\u00e9ration a d\u00e9cid\u00e9 de ne pas nous [&hellip;]<\/p>\n","protected":false},"author":2,"featured_media":0,"comment_status":"open","ping_status":"open","sticky":true,"template":"","format":"standard","meta":{"_et_pb_use_builder":"","_et_pb_old_content":"","_et_gb_content_width":"","footnotes":""},"categories":[11,71,15],"tags":[],"class_list":["post-6727","post","type-post","status-publish","format-standard","hentry","category-association","category-kylian-nestola-1","category-sport"],"_links":{"self":[{"href":"https:\/\/vivresonreve.ch\/index.php?rest_route=\/wp\/v2\/posts\/6727","targetHints":{"allow":["GET"]}}],"collection":[{"href":"https:\/\/vivresonreve.ch\/index.php?rest_route=\/wp\/v2\/posts"}],"about":[{"href":"https:\/\/vivresonreve.ch\/index.php?rest_route=\/wp\/v2\/types\/post"}],"author":[{"embeddable":true,"href":"https:\/\/vivresonreve.ch\/index.php?rest_route=\/wp\/v2\/users\/2"}],"replies":[{"embeddable":true,"href":"https:\/\/vivresonreve.ch\/index.php?rest_route=%2Fwp%2Fv2%2Fcomments&post=6727"}],"version-history":[{"count":2,"href":"https:\/\/vivresonreve.ch\/index.php?rest_route=\/wp\/v2\/posts\/6727\/revisions"}],"predecessor-version":[{"id":6729,"href":"https:\/\/vivresonreve.ch\/index.php?rest_route=\/wp\/v2\/posts\/6727\/revisions\/6729"}],"wp:attachment":[{"href":"https:\/\/vivresonreve.ch\/index.php?rest_route=%2Fwp%2Fv2%2Fmedia&parent=6727"}],"wp:term":[{"taxonomy":"category","embeddable":true,"href":"https:\/\/vivresonreve.ch\/index.php?rest_route=%2Fwp%2Fv2%2Fcategories&post=6727"},{"taxonomy":"post_tag","embeddable":true,"href":"https:\/\/vivresonreve.ch\/index.php?rest_route=%2Fwp%2Fv2%2Ftags&post=6727"}],"curies":[{"name":"wp","href":"https:\/\/api.w.org\/{rel}","templated":true}]}}