{"id":6715,"date":"2023-11-07T10:24:22","date_gmt":"2023-11-07T08:24:22","guid":{"rendered":"https:\/\/vivresonreve.ch\/?p=6715"},"modified":"2023-11-07T10:26:57","modified_gmt":"2023-11-07T08:26:57","slug":"ambassadrice-espoir-madeline-coquoz","status":"publish","type":"post","link":"https:\/\/vivresonreve.ch\/?p=6715","title":{"rendered":"Ambassadrice espoir (Madeline Coquoz)"},"content":{"rendered":"<p>Madeline Coquoz double m\u00e9daill\u00e9e d\u2019argent<br \/>\nLa Gru\u00e9rienne est devenue vice-championne de Suisse \u00e0 1 et 3 m\u00e8tres, le week-end pass\u00e9 \u00e0 Oerlikon. Gr\u00e2ce \u00e0 ses points obtenus \u00e0 1 m\u00e8tre, elle a rempli les minima pour les championnats du monde de Doha en f\u00e9vrier prochain.<br \/>\nPlongeon \u00bb Madeline Coquoz n\u2019a pas manqu\u00e9 son retour \u00e0 la comp\u00e9tition. Quatre mois apr\u00e8s s\u2019\u00eatre lux\u00e9 l\u2019\u00e9paule \u00e0 Fukuoka, \u00e0 deux jours de son entr\u00e9e en lice aux championnats du monde, la Fribourgeoise de 24 ans est en effet devenue vice-championne de Suisse \u00e0 1 et 3 m, le week-end pass\u00e9 \u00e0 Oerlikon. \u00ab Je suis tr\u00e8s satisfaite, les championnats de Suisse, c\u2019\u00e9tait dans mes objectifs de la saison \u00bb, confie-t-elle au bout du fil. Avec ses 230,75 points obtenus \u00e0 1 m dimanche, l\u2019athl\u00e8te de Pont-la-Ville en a profit\u00e9 pour satisfaire aux exigences de sa f\u00e9d\u00e9ration en vue des mondiaux de f\u00e9vrier prochain \u00e0 Doha. \u00ab Je suis tr\u00e8s contente d\u2019avoir atteint les minima, mais \u00e7a ne veut pas dire que j\u2019irai \u00e0 Doha \u00bb, nuance-t-elle dans l\u2019attente des s\u00e9lections qui tomberont \u00e0 la mi-d\u00e9cembre.<br \/>\nD\u00e9croch\u00e9e le vendredi, sa m\u00e9daille d\u2019argent \u00e0 3 m a d\u2019embl\u00e9e confirm\u00e9 son excellent \u00e9tat de forme. \u00ab J\u2019ai rat\u00e9 mon double et demi, mais j\u2019ai tr\u00e8s bien fait d\u2019autres choses. Pour mon retour \u00e0 la comp\u00e9tition, je ne tire que du positif de mes sauts. \u00bb La Gru\u00e9rienne glisse un l\u00e9ger b\u00e9mol : \u00ab Si, physiquement, j\u2019ai r\u00e9cup\u00e9r\u00e9 quasi \u00e0 100%, j\u2019ai senti que la confiance \u00e0 3 m manquait un peu. Ce n\u2019est pas catastrophique et j\u2019ai encore un mois pour travailler \u00e7a avant mon prochain rendez-vous international \u00e0 Madrid \u00bb, conclut-elle.<br \/>\nPascal Dupasquier La Libert\u00e9<\/p>\n<p><a href=\"https:\/\/vivresonreve.ch\/wp-content\/uploads\/2023\/11\/MADELINE.png\"><img loading=\"lazy\" decoding=\"async\" class=\"aligncenter  wp-image-6717\" src=\"https:\/\/vivresonreve.ch\/wp-content\/uploads\/2023\/11\/MADELINE-300x228.png\" alt=\"\" width=\"361\" height=\"274\" \/><\/a><\/p>\n","protected":false},"excerpt":{"rendered":"<p>Madeline Coquoz double m\u00e9daill\u00e9e d\u2019argent La Gru\u00e9rienne est devenue vice-championne de Suisse \u00e0 1 et 3 m\u00e8tres, le week-end pass\u00e9 \u00e0 Oerlikon. Gr\u00e2ce \u00e0 ses points obtenus \u00e0 1 m\u00e8tre, elle a rempli les minima pour les championnats du monde de Doha en f\u00e9vrier prochain. Plongeon \u00bb Madeline Coquoz n\u2019a pas manqu\u00e9 son retour \u00e0 [&hellip;]<\/p>\n","protected":false},"author":2,"featured_media":0,"comment_status":"open","ping_status":"open","sticky":true,"template":"","format":"standard","meta":{"_et_pb_use_builder":"","_et_pb_old_content":"","_et_gb_content_width":"","footnotes":""},"categories":[11,18,15],"tags":[],"class_list":["post-6715","post","type-post","status-publish","format-standard","hentry","category-association","category-madeline","category-sport"],"_links":{"self":[{"href":"https:\/\/vivresonreve.ch\/index.php?rest_route=\/wp\/v2\/posts\/6715","targetHints":{"allow":["GET"]}}],"collection":[{"href":"https:\/\/vivresonreve.ch\/index.php?rest_route=\/wp\/v2\/posts"}],"about":[{"href":"https:\/\/vivresonreve.ch\/index.php?rest_route=\/wp\/v2\/types\/post"}],"author":[{"embeddable":true,"href":"https:\/\/vivresonreve.ch\/index.php?rest_route=\/wp\/v2\/users\/2"}],"replies":[{"embeddable":true,"href":"https:\/\/vivresonreve.ch\/index.php?rest_route=%2Fwp%2Fv2%2Fcomments&post=6715"}],"version-history":[{"count":1,"href":"https:\/\/vivresonreve.ch\/index.php?rest_route=\/wp\/v2\/posts\/6715\/revisions"}],"predecessor-version":[{"id":6718,"href":"https:\/\/vivresonreve.ch\/index.php?rest_route=\/wp\/v2\/posts\/6715\/revisions\/6718"}],"wp:attachment":[{"href":"https:\/\/vivresonreve.ch\/index.php?rest_route=%2Fwp%2Fv2%2Fmedia&parent=6715"}],"wp:term":[{"taxonomy":"category","embeddable":true,"href":"https:\/\/vivresonreve.ch\/index.php?rest_route=%2Fwp%2Fv2%2Fcategories&post=6715"},{"taxonomy":"post_tag","embeddable":true,"href":"https:\/\/vivresonreve.ch\/index.php?rest_route=%2Fwp%2Fv2%2Ftags&post=6715"}],"curies":[{"name":"wp","href":"https:\/\/api.w.org\/{rel}","templated":true}]}}