{"id":6702,"date":"2023-11-01T12:11:19","date_gmt":"2023-11-01T10:11:19","guid":{"rendered":"https:\/\/vivresonreve.ch\/?p=6702"},"modified":"2023-11-01T12:12:59","modified_gmt":"2023-11-01T10:12:59","slug":"news-alanis-siffert-8-7","status":"publish","type":"post","link":"https:\/\/vivresonreve.ch\/?p=6702","title":{"rendered":"Alanis Siffert Asie 2023"},"content":{"rendered":"<p>[et_pb_section admin_label=\u00a0\u00bbsection\u00a0\u00bb]<br \/>\n\t\t\t[et_pb_row admin_label=\u00a0\u00bbrow\u00a0\u00bb]<br \/>\n\t\t\t\t[et_pb_column type=\u00a0\u00bb4_4&Prime;][et_pb_text admin_label=\u00a0\u00bbText\u00a0\u00bb]Bonjour \u00e0 toutes et tous,<br \/>\nCela fait maintenant trois semaines que je me trouve en Asie.Tout d\u2018abord, je souhaite remercier toutes celles et ceux qui ont contribu\u00e9 \u00e0 la r\u00e9ussite de mon projet \u00ab I Believe In You \u00bb ou \u00ab l\u2019Everesting \u00bb organis\u00e9 par Jacques et Olivier. Pour r\u00e9colter des fonds en ma faveur, ils ont grimp\u00e9 47 fois le Mont Vully, parcouru 217km \u00e0 v\u00e9lo et gravi un total de 10&rsquo;387m D+ en 17h ! Quelle d\u00e9termination ! Une belle source d&rsquo;inspiration pour nous tous, bravo !<a href=\"https:\/\/vivresonreve.ch\/wp-content\/uploads\/2023\/11\/FONDS-scaled.jpg\"><img loading=\"lazy\" decoding=\"async\" class=\"aligncenter size-medium wp-image-6706\" src=\"https:\/\/vivresonreve.ch\/wp-content\/uploads\/2023\/11\/FONDS-300x225.jpg\" alt=\"\" width=\"300\" height=\"225\" \/><\/a><br \/>\nVotre g\u00e9n\u00e9rosit\u00e9 m\u2019a permis de r\u00e9aliser mon s\u00e9jour en Asie et mes premi\u00e8res coupes du monde. Un grand merci \u00e0 tous pour votre soutien inestimable !<br \/>\nLe 14 octobre 2023, j\u2019ai pris le d\u00e9part de ma premi\u00e8re coupe du monde \u00e0 Chengdu en Chine \ud83c\udde8\ud83c\uddf3 sur la distance olympique. La course a \u00e9t\u00e9 rude, manquant le pack en natation, j\u2019ai roul\u00e9 les 40km seule, finissant \u00e0 la 27\u00e8me place.<br \/>\nLe 21 octobre 2023, j\u2019ai particip\u00e9 \u00e0 ma deuxi\u00e8me coupe du monde \u00e0 Tongyeong en Cor\u00e9e du Sud \ud83c\uddf0\ud83c\uddf7sur la distance sprint. Une course haute en intensit\u00e9 et avec un niveau tr\u00e8s \u00e9lev\u00e9. Malheureusement, j\u2019ai \u00e9t\u00e9 disqualifi\u00e9e pour avoir loup\u00e9 l\u2019entr\u00e9e dans la zone de transition, passant \u00e0 c\u00f4t\u00e9 sur le premier tour \u00e0 v\u00e9lo. Le r\u00e9sultat n&rsquo;est pas \u00e0 la hauteur de mes attentes, mais j\u2019ai donn\u00e9 le meilleur de moi-m\u00eame tout le long de la course et me suis battu jusqu\u2019\u00e0 la ligne d\u2019arriv\u00e9e, je suis donc satisfaite de mon effort. J&rsquo;ai commis des erreurs qui m&rsquo;ont co\u00fbt\u00e9 cher pendant la course, mais j\u2019en tire de bonnes le\u00e7ons.<br \/>\nJe ne cesse de progresser sur les trois disciplines et maintenant j\u2019ai besoin d\u2019acqu\u00e9rir de l\u2019exp\u00e9rience en course.<br \/>\nJe suis tr\u00e8s reconnaissante d&rsquo;avoir pu concourir mes premi\u00e8res courses de Coupe du monde d\u00e9j\u00e0 cette saison.<br \/>\nCette opportunit\u00e9 inestimable m\u2019a apport\u00e9 beaucoup d&rsquo;exp\u00e9rience et une source de le\u00e7ons importantes pour mon d\u00e9veloppement sportif et la suite de ma carri\u00e8re.<br \/>\nJ&rsquo;ai identifi\u00e9 les points \u00e0 am\u00e9liorer, et le travail qu\u2019il reste \u00e0 faire pour atteindre ce niveau international. Cela me motive d\u2019autant plus pour la saison prochaine !<br \/>\nActuellement j\u2019ai rejoint ma base d\u2019entrainement \u00e0 Beijing o\u00f9 je vais pr\u00e9parer ma prochaine course. Je prendrai le d\u00e9part du Laguna Phuket Triathlon en Tha\u00eflande le 19 novembre 2023. Je me r\u00e9jouis de finir ma saison par cette course mythique dans des conditions tr\u00e8s chaudes et humides, une premi\u00e8re pour moi.<br \/>\nUn \u00e9norme merci \u00e0 tous celles et ceux qui ont rendu cette exp\u00e9rience possible, votre soutien signifie beaucoup pour moi.<\/p>\n<p><a href=\"https:\/\/vivresonreve.ch\/wp-content\/uploads\/2023\/11\/CHINE.jpg\"><img loading=\"lazy\" decoding=\"async\" class=\"aligncenter size-medium wp-image-6705\" src=\"https:\/\/vivresonreve.ch\/wp-content\/uploads\/2023\/11\/CHINE-300x212.jpg\" alt=\"\" width=\"300\" height=\"212\" \/><\/a><a href=\"https:\/\/vivresonreve.ch\/wp-content\/uploads\/2023\/11\/CHINE2.jpg\"><img loading=\"lazy\" decoding=\"async\" class=\"aligncenter size-medium wp-image-6704\" src=\"https:\/\/vivresonreve.ch\/wp-content\/uploads\/2023\/11\/CHINE2-300x224.jpg\" alt=\"\" width=\"300\" height=\"224\" \/><\/a> <a href=\"https:\/\/vivresonreve.ch\/wp-content\/uploads\/2023\/11\/CHINE3.jpg\"><img loading=\"lazy\" decoding=\"async\" class=\"aligncenter size-medium wp-image-6703\" src=\"https:\/\/vivresonreve.ch\/wp-content\/uploads\/2023\/11\/CHINE3-242x300.jpg\" alt=\"\" width=\"242\" height=\"300\" \/><\/a><\/p>\n<p>&nbsp;[\/et_pb_text][\/et_pb_column]<br \/>\n\t\t\t[\/et_pb_row]<br \/>\n\t\t[\/et_pb_section]<\/p>\n","protected":false},"excerpt":{"rendered":"<p>Bonjour \u00e0 toutes et tous, Cela fait maintenant trois semaines que je me trouve en Asie.Tout d\u2018abord, je souhaite remercier toutes celles et ceux qui ont contribu\u00e9 \u00e0 la r\u00e9ussite de mon projet \u00ab I Believe In You \u00bb ou \u00ab l\u2019Everesting \u00bb organis\u00e9 par Jacques et Olivier. Pour r\u00e9colter des fonds en ma faveur, [&hellip;]<\/p>\n","protected":false},"author":2,"featured_media":0,"comment_status":"open","ping_status":"open","sticky":true,"template":"","format":"standard","meta":{"_et_pb_use_builder":"on","_et_pb_old_content":"Bonjour \u00e0 toutes et tous,\r\nCela fait maintenant trois semaines que je me trouve en Asie.Tout d\u2018abord, je souhaite remercier toutes celles et ceux qui ont contribu\u00e9 \u00e0 la r\u00e9ussite de mon projet \u00ab I Believe In You \u00bb ou \u00ab l\u2019Everesting \u00bb organis\u00e9 par Jacques et Olivier. Pour r\u00e9colter des fonds en ma faveur, ils ont grimp\u00e9 47 fois le Mont Vully, parcouru 217km \u00e0 v\u00e9lo et gravi un total de 10'387m D+ en 17h ! Quelle d\u00e9termination ! Une belle source d'inspiration pour nous tous, bravo !<a href=\"https:\/\/vivresonreve.ch\/wp-content\/uploads\/2023\/11\/FONDS-scaled.jpg\"><img class=\"aligncenter size-medium wp-image-6706\" src=\"https:\/\/vivresonreve.ch\/wp-content\/uploads\/2023\/11\/FONDS-300x225.jpg\" alt=\"\" width=\"300\" height=\"225\" \/><\/a>\r\nVotre g\u00e9n\u00e9rosit\u00e9 m\u2019a permis de r\u00e9aliser mon s\u00e9jour en Asie et mes premi\u00e8res coupes du monde. Un grand merci \u00e0 tous pour votre soutien inestimable !\r\nLe 14 octobre 2023, j\u2019ai pris le d\u00e9part de ma premi\u00e8re coupe du monde \u00e0 Chengdu en Chine \ud83c\udde8\ud83c\uddf3 sur la distance olympique. La course a \u00e9t\u00e9 rude, manquant le pack en natation, j\u2019ai roul\u00e9 les 40km seule, finissant \u00e0 la 27\u00e8me place.\r\nLe 21 octobre 2023, j\u2019ai particip\u00e9 \u00e0 ma deuxi\u00e8me coupe du monde \u00e0 Tongyeong en Cor\u00e9e du Sud \ud83c\uddf0\ud83c\uddf7sur la distance sprint. Une course haute en intensit\u00e9 et avec un niveau tr\u00e8s \u00e9lev\u00e9. Malheureusement, j\u2019ai \u00e9t\u00e9 disqualifi\u00e9e pour avoir loup\u00e9 l\u2019entr\u00e9e dans la zone de transition, passant \u00e0 c\u00f4t\u00e9 sur le premier tour \u00e0 v\u00e9lo. Le r\u00e9sultat n'est pas \u00e0 la hauteur de mes attentes, mais j\u2019ai donn\u00e9 le meilleur de moi-m\u00eame tout le long de la course et me suis battu jusqu\u2019\u00e0 la ligne d\u2019arriv\u00e9e, je suis donc satisfaite de mon effort. J'ai commis des erreurs qui m'ont co\u00fbt\u00e9 cher pendant la course, mais j\u2019en tire de bonnes le\u00e7ons.\r\nJe ne cesse de progresser sur les trois disciplines et maintenant j\u2019ai besoin d\u2019acqu\u00e9rir de l\u2019exp\u00e9rience en course.\r\nJe suis tr\u00e8s reconnaissante d'avoir pu concourir mes premi\u00e8res courses de Coupe du monde d\u00e9j\u00e0 cette saison.\r\nCette opportunit\u00e9 inestimable m\u2019a apport\u00e9 beaucoup d'exp\u00e9rience et une source de le\u00e7ons importantes pour mon d\u00e9veloppement sportif et la suite de ma carri\u00e8re.\r\nJ'ai identifi\u00e9 les points \u00e0 am\u00e9liorer, et le travail qu\u2019il reste \u00e0 faire pour atteindre ce niveau international. Cela me motive d\u2019autant plus pour la saison prochaine !\r\nActuellement j\u2019ai rejoint ma base d\u2019entrainement \u00e0 Beijing o\u00f9 je vais pr\u00e9parer ma prochaine course. Je prendrai le d\u00e9part du Laguna Phuket Triathlon en Tha\u00eflande le 19 novembre 2023. Je me r\u00e9jouis de finir ma saison par cette course mythique dans des conditions tr\u00e8s chaudes et humides, une premi\u00e8re pour moi.\r\nUn \u00e9norme merci \u00e0 tous celles et ceux qui ont rendu cette exp\u00e9rience possible, votre soutien signifie beaucoup pour moi.\r\n\r\n<a href=\"https:\/\/vivresonreve.ch\/wp-content\/uploads\/2023\/11\/CHINE.jpg\"><img class=\"aligncenter size-medium wp-image-6705\" src=\"https:\/\/vivresonreve.ch\/wp-content\/uploads\/2023\/11\/CHINE-300x212.jpg\" alt=\"\" width=\"300\" height=\"212\" \/><\/a><a href=\"https:\/\/vivresonreve.ch\/wp-content\/uploads\/2023\/11\/CHINE2.jpg\"><img class=\"aligncenter size-medium wp-image-6704\" src=\"https:\/\/vivresonreve.ch\/wp-content\/uploads\/2023\/11\/CHINE2-300x224.jpg\" alt=\"\" width=\"300\" height=\"224\" \/><\/a> <a href=\"https:\/\/vivresonreve.ch\/wp-content\/uploads\/2023\/11\/CHINE3.jpg\"><img class=\"aligncenter size-medium wp-image-6703\" src=\"https:\/\/vivresonreve.ch\/wp-content\/uploads\/2023\/11\/CHINE3-242x300.jpg\" alt=\"\" width=\"242\" height=\"300\" \/><\/a>\r\n\r\n&nbsp;","_et_gb_content_width":"","footnotes":""},"categories":[70,11,15],"tags":[],"class_list":["post-6702","post","type-post","status-publish","format-standard","hentry","category-alanis-siffert","category-association","category-sport"],"_links":{"self":[{"href":"https:\/\/vivresonreve.ch\/index.php?rest_route=\/wp\/v2\/posts\/6702","targetHints":{"allow":["GET"]}}],"collection":[{"href":"https:\/\/vivresonreve.ch\/index.php?rest_route=\/wp\/v2\/posts"}],"about":[{"href":"https:\/\/vivresonreve.ch\/index.php?rest_route=\/wp\/v2\/types\/post"}],"author":[{"embeddable":true,"href":"https:\/\/vivresonreve.ch\/index.php?rest_route=\/wp\/v2\/users\/2"}],"replies":[{"embeddable":true,"href":"https:\/\/vivresonreve.ch\/index.php?rest_route=%2Fwp%2Fv2%2Fcomments&post=6702"}],"version-history":[{"count":2,"href":"https:\/\/vivresonreve.ch\/index.php?rest_route=\/wp\/v2\/posts\/6702\/revisions"}],"predecessor-version":[{"id":6708,"href":"https:\/\/vivresonreve.ch\/index.php?rest_route=\/wp\/v2\/posts\/6702\/revisions\/6708"}],"wp:attachment":[{"href":"https:\/\/vivresonreve.ch\/index.php?rest_route=%2Fwp%2Fv2%2Fmedia&parent=6702"}],"wp:term":[{"taxonomy":"category","embeddable":true,"href":"https:\/\/vivresonreve.ch\/index.php?rest_route=%2Fwp%2Fv2%2Fcategories&post=6702"},{"taxonomy":"post_tag","embeddable":true,"href":"https:\/\/vivresonreve.ch\/index.php?rest_route=%2Fwp%2Fv2%2Ftags&post=6702"}],"curies":[{"name":"wp","href":"https:\/\/api.w.org\/{rel}","templated":true}]}}