{"id":6608,"date":"2023-09-12T09:05:29","date_gmt":"2023-09-12T07:05:29","guid":{"rendered":"https:\/\/vivresonreve.ch\/?p=6608"},"modified":"2023-09-12T09:06:54","modified_gmt":"2023-09-12T07:06:54","slug":"news-alanis-siffert-8-4","status":"publish","type":"post","link":"https:\/\/vivresonreve.ch\/?p=6608","title":{"rendered":"News Alanis Siffert Triathlon XL"},"content":{"rendered":"<p>Bonjour \u00e0 toutes et \u00e0 tous,<br \/>\nCe samedi 2 septembre 2023, j&rsquo;ai pris le d\u00e9part au Triathlon XL de G\u00e9rardmer en France. J&rsquo;ai termin\u00e9 deuxi\u00e8me en 4:59:59 avec un haut niveau dans la cat\u00e9gorie PRO, une performance de taille!<br \/>\nLe d\u00e9part de la course \u00e9tait impressionnant avec tous les athl\u00e8tes Pro et amateurs qui partaient en m\u00eame temps dans l&rsquo;eau, soit plus de 1500 participants ! Il y avait une ambiance de feu. Je suis sortie en deuxi\u00e8me position de l&rsquo;eau en 26min05sec.<br \/>\nLe parcours v\u00e9lo \u00e9tait tr\u00e8s exigeant avec 3 boucles de 31km et 630m de d\u00e9nivel\u00e9 positif par tour. Autant dire que soit \u00e7a montait, soit \u00e7a descendait. Je me suis sentie tr\u00e8s puissante dans les mont\u00e9es et les encouragements des nombreux supporters m&rsquo;ont port\u00e9 le long des mont\u00e9es. C&rsquo;\u00e9tait une sensation extraordinaire, \u00e0 donner des frissons. \u00c0 la moiti\u00e9 du v\u00e9lo, ma concurrente Camilla Pedersen m&rsquo;a doubl\u00e9. J&rsquo;ai boucl\u00e9 les 93km en 3h03min03sec.<br \/>\nJ&rsquo;ai entam\u00e9 la course \u00e0 pied en 3\u00e8me position avec 2 min 30 de retard sur Camilla Pedersen et 3 min d&rsquo;avance sur Svenja Thoes la quatri\u00e8me. Trois tours de 7km autour du lac, avec deux jolies mont\u00e9es par tour qui m&rsquo;attendaient. Apr\u00e8s le premier tour, j&rsquo;avais repris pr\u00e8s d&rsquo;une minute sur la deuxi\u00e8me, cela m&rsquo;a vraiment motiv\u00e9 et j&rsquo;ai gard\u00e9 ma concentration sur mon effort : je visais la deuxi\u00e8me place. C&rsquo;est \u00e0 la fin du deuxi\u00e8me tour d\u00e9j\u00e0 que j&rsquo;ai doubl\u00e9 Camilla Pedersen et j&rsquo;ai acc\u00e9l\u00e9r\u00e9 afin de creuser l&rsquo;\u00e9cart et m&rsquo;assurer la deuxi\u00e8me place du podium. Je finis en 4h59min59sec derri\u00e8re ma co\u00e9quipi\u00e8re Julie Derron.<br \/>\nCela a \u00e9t\u00e9 une course dure mais fantastique et j&rsquo;ai \u00e9t\u00e9 \u00e0 la hauteur. J&rsquo;ai pris un \u00e9norme plaisir \u00e0 concourir avec une atmosph\u00e8re de folie tout au long de ce superbe parcours. Je suis tr\u00e8s contente de ma performance sportive et de finir sur la deuxi\u00e8me marche du podium avec un super niveau, une belle r\u00e9compense !<\/p>\n<p><a href=\"https:\/\/alanissiffert.ch\/\" target=\"_blank\" rel=\"noopener\"><img loading=\"lazy\" decoding=\"async\" class=\"aligncenter  wp-image-6609\" src=\"https:\/\/vivresonreve.ch\/wp-content\/uploads\/2023\/09\/XL-300x200.jpg\" alt=\"\" width=\"470\" height=\"313\" \/><\/a><\/p>\n","protected":false},"excerpt":{"rendered":"<p>Bonjour \u00e0 toutes et \u00e0 tous, Ce samedi 2 septembre 2023, j&rsquo;ai pris le d\u00e9part au Triathlon XL de G\u00e9rardmer en France. J&rsquo;ai termin\u00e9 deuxi\u00e8me en 4:59:59 avec un haut niveau dans la cat\u00e9gorie PRO, une performance de taille! Le d\u00e9part de la course \u00e9tait impressionnant avec tous les athl\u00e8tes Pro et amateurs qui partaient [&hellip;]<\/p>\n","protected":false},"author":2,"featured_media":0,"comment_status":"open","ping_status":"open","sticky":true,"template":"","format":"standard","meta":{"_et_pb_use_builder":"","_et_pb_old_content":"","_et_gb_content_width":"","footnotes":""},"categories":[70,11,15],"tags":[],"class_list":["post-6608","post","type-post","status-publish","format-standard","hentry","category-alanis-siffert","category-association","category-sport"],"_links":{"self":[{"href":"https:\/\/vivresonreve.ch\/index.php?rest_route=\/wp\/v2\/posts\/6608","targetHints":{"allow":["GET"]}}],"collection":[{"href":"https:\/\/vivresonreve.ch\/index.php?rest_route=\/wp\/v2\/posts"}],"about":[{"href":"https:\/\/vivresonreve.ch\/index.php?rest_route=\/wp\/v2\/types\/post"}],"author":[{"embeddable":true,"href":"https:\/\/vivresonreve.ch\/index.php?rest_route=\/wp\/v2\/users\/2"}],"replies":[{"embeddable":true,"href":"https:\/\/vivresonreve.ch\/index.php?rest_route=%2Fwp%2Fv2%2Fcomments&post=6608"}],"version-history":[{"count":1,"href":"https:\/\/vivresonreve.ch\/index.php?rest_route=\/wp\/v2\/posts\/6608\/revisions"}],"predecessor-version":[{"id":6610,"href":"https:\/\/vivresonreve.ch\/index.php?rest_route=\/wp\/v2\/posts\/6608\/revisions\/6610"}],"wp:attachment":[{"href":"https:\/\/vivresonreve.ch\/index.php?rest_route=%2Fwp%2Fv2%2Fmedia&parent=6608"}],"wp:term":[{"taxonomy":"category","embeddable":true,"href":"https:\/\/vivresonreve.ch\/index.php?rest_route=%2Fwp%2Fv2%2Fcategories&post=6608"},{"taxonomy":"post_tag","embeddable":true,"href":"https:\/\/vivresonreve.ch\/index.php?rest_route=%2Fwp%2Fv2%2Ftags&post=6608"}],"curies":[{"name":"wp","href":"https:\/\/api.w.org\/{rel}","templated":true}]}}