{"id":6604,"date":"2023-08-23T09:01:10","date_gmt":"2023-08-23T07:01:10","guid":{"rendered":"https:\/\/vivresonreve.ch\/?p=6604"},"modified":"2023-08-23T09:02:22","modified_gmt":"2023-08-23T07:02:22","slug":"news-alanis-siffert-8-3","status":"publish","type":"post","link":"https:\/\/vivresonreve.ch\/?p=6604","title":{"rendered":"News Alanis Siffert"},"content":{"rendered":"<p>Bonjour \u00e0 toutes et \u00e0 tous,<br \/>\nLe samedi 5 ao\u00fbt 2023, j&rsquo;ai pris le d\u00e9part \u00e0 la National League au Triathlon de Nyon sur la distance sprint. J&rsquo;ai termin\u00e9 sur la troisi\u00e8me marche du podium en 1:06:59. Sortant de l&rsquo;eau dans le deuxi\u00e8me groupe, j&rsquo;ai rapidement rattrap\u00e9 le groupe de t\u00eate sur le v\u00e9lo, prenant ainsi le lead \u00e0 v\u00e9lo. Apr\u00e8s plusieurs attaques \u00e0 v\u00e9lo, je suis descendue du v\u00e9lo en premier et j&rsquo;ai entam\u00e9 la course \u00e0 pied en premi\u00e8re position. Sur la course \u00e0 pied, je me suis rapidement fait devancer par 3 des mes concurrente me laissant \u00e0 la quatri\u00e8me place. Je me suis battue jusqu&rsquo;au bout et sur la fin du deuxi\u00e8me tour, j&rsquo;ai devanc\u00e9 la 3\u00e8me et sprint\u00e9 jusqu&rsquo;a la ligne d&rsquo;arriv\u00e9e pour m&rsquo;offrir la 3\u00e8me place. J&rsquo;ai eu un grand plaisir \u00e0 me battre contre mes co\u00e9quipi\u00e8res chinoises qui ont elles aussi particip\u00e9 \u00e0 la course. Un beau moment partag\u00e9 et une belle performance \u00e0 la cl\u00e9.<br \/>\nLe dimanche 13 ao\u00fbt 2023, j&rsquo;ai pris le d\u00e9part de la course de St-Moritz Running Festival sur la distance de 12km \u00ab\u00a0Run Pontresina\u00a0\u00bb. Le d\u00e9part \u00e9tait donn\u00e9 \u00e0 Pontresina pour rejoindre St-Moritz par des sentiers de for\u00eat avec 220m de d\u00e9nivel\u00e9 positif.\u00a0 Une parfaite opportunit\u00e9 d&rsquo;utiliser cette superbe course comme entrainement. J&rsquo;ai termin\u00e9 4e overall des femmes en 48min05, am\u00e9liorant mon temps de 3 minutes par rapport \u00e0 l&rsquo;ann\u00e9e pass\u00e9e o\u00f9 j&rsquo;avais couru en 51min00. Une belle progression qui confirme mes progr\u00e8s en course \u00e0 pied.<br \/>\nCe dimanche 21 ao\u00fbt 2023, j&rsquo;ai concouru au Allg\u00e4u Triathlon en Allemagne sur la distance Classic: 1,9km &#8211; 86km &#8211; 20km. Une course mythique avec une ambiance d&rsquo;enfer et un parcours tr\u00e8s rude.<br \/>\nLa natation s&rsquo;est tr\u00e8s bien pass\u00e9e, je me suis sentie forte et puissante, je suis sortie premi\u00e8re de l&rsquo;eau. Le parcours v\u00e9lo avait deux tours de 42.5km et 1200m de d\u00e9nivel\u00e9 positif, avec 3 mont\u00e9es tr\u00e8s raides dont une longue ascension.<br \/>\nJe me sentais tr\u00e8s bien et j&rsquo;ai pu attaquer chaque mont\u00e9e du d\u00e9but \u00e0 la fin. C&rsquo;\u00e9tait une de mes meilleures performances \u00e0 v\u00e9lo. Une concurrente m&rsquo;a rattrap\u00e9 \u00e0 la fin du premier tour et est ensuite elle est rest\u00e9e devant.<br \/>\nJ&rsquo;ai entam\u00e9 les 20 km de course \u00e0 pied sous une chaleur de plomb rendant l&rsquo;effort d&rsquo;autant plus rude. Bien que je me sois rafraichie tout au long, j&rsquo;ai souffert de la chaleur. Je me suis concentr\u00e9e sur ma technique et apr\u00e8s 10 km, j&rsquo;ai repris le dessus et j&rsquo;ai pu acc\u00e9l\u00e9rer. Dans les derniers 5km, il y avait une mont\u00e9e hyper raide dans un champ, la mythique \u00ab\u00a0Kuhsteig\u00a0\u00bb. Au sommet, j&rsquo;ai cru que j&rsquo;allais m&rsquo;effondrer mais les encouragements massifs des spectateurs m&rsquo;ont port\u00e9 : on se serait cru au Tour de France ! Je n&rsquo;avais jamais vu \u00e7a ! C&rsquo;\u00e9tait incroyable.<br \/>\nJ&rsquo;ai termin\u00e9 2\u00e8me overall en 4:27:22 et 1\u00e8re de ma cat\u00e9gorie d&rsquo;\u00e2ge. Je suis extr\u00eamement contente de mon effort et de ce super r\u00e9sultat. La course m&rsquo;a d\u00e9finitivement rendu plus forte. Une course magnifique avec une ambiance incroyable et \u00e0 la cl\u00e9 une cloche de vache pour le gagnant : je dois dire que c&rsquo;\u00e9tait le highlight du weekend !<\/p>\n<p><a href=\"https:\/\/alanissiffert.ch\/\" target=\"_blank\" rel=\"noopener\"><img loading=\"lazy\" decoding=\"async\" class=\"aligncenter  wp-image-6605\" src=\"https:\/\/vivresonreve.ch\/wp-content\/uploads\/2023\/08\/nyon-300x200.jpg\" alt=\"\" width=\"480\" height=\"320\" \/><\/a><\/p>\n","protected":false},"excerpt":{"rendered":"<p>Bonjour \u00e0 toutes et \u00e0 tous, Le samedi 5 ao\u00fbt 2023, j&rsquo;ai pris le d\u00e9part \u00e0 la National League au Triathlon de Nyon sur la distance sprint. J&rsquo;ai termin\u00e9 sur la troisi\u00e8me marche du podium en 1:06:59. Sortant de l&rsquo;eau dans le deuxi\u00e8me groupe, j&rsquo;ai rapidement rattrap\u00e9 le groupe de t\u00eate sur le v\u00e9lo, prenant [&hellip;]<\/p>\n","protected":false},"author":2,"featured_media":0,"comment_status":"open","ping_status":"open","sticky":true,"template":"","format":"standard","meta":{"_et_pb_use_builder":"","_et_pb_old_content":"","_et_gb_content_width":"","footnotes":""},"categories":[70,11,15],"tags":[],"class_list":["post-6604","post","type-post","status-publish","format-standard","hentry","category-alanis-siffert","category-association","category-sport"],"_links":{"self":[{"href":"https:\/\/vivresonreve.ch\/index.php?rest_route=\/wp\/v2\/posts\/6604","targetHints":{"allow":["GET"]}}],"collection":[{"href":"https:\/\/vivresonreve.ch\/index.php?rest_route=\/wp\/v2\/posts"}],"about":[{"href":"https:\/\/vivresonreve.ch\/index.php?rest_route=\/wp\/v2\/types\/post"}],"author":[{"embeddable":true,"href":"https:\/\/vivresonreve.ch\/index.php?rest_route=\/wp\/v2\/users\/2"}],"replies":[{"embeddable":true,"href":"https:\/\/vivresonreve.ch\/index.php?rest_route=%2Fwp%2Fv2%2Fcomments&post=6604"}],"version-history":[{"count":1,"href":"https:\/\/vivresonreve.ch\/index.php?rest_route=\/wp\/v2\/posts\/6604\/revisions"}],"predecessor-version":[{"id":6606,"href":"https:\/\/vivresonreve.ch\/index.php?rest_route=\/wp\/v2\/posts\/6604\/revisions\/6606"}],"wp:attachment":[{"href":"https:\/\/vivresonreve.ch\/index.php?rest_route=%2Fwp%2Fv2%2Fmedia&parent=6604"}],"wp:term":[{"taxonomy":"category","embeddable":true,"href":"https:\/\/vivresonreve.ch\/index.php?rest_route=%2Fwp%2Fv2%2Fcategories&post=6604"},{"taxonomy":"post_tag","embeddable":true,"href":"https:\/\/vivresonreve.ch\/index.php?rest_route=%2Fwp%2Fv2%2Ftags&post=6604"}],"curies":[{"name":"wp","href":"https:\/\/api.w.org\/{rel}","templated":true}]}}