{"id":6582,"date":"2023-07-26T10:17:47","date_gmt":"2023-07-26T08:17:47","guid":{"rendered":"https:\/\/vivresonreve.ch\/?p=6582"},"modified":"2023-07-26T10:19:21","modified_gmt":"2023-07-26T08:19:21","slug":"news-alanis-siffert-7","status":"publish","type":"post","link":"https:\/\/vivresonreve.ch\/?p=6582","title":{"rendered":"News Alanis Siffert Championne Suisse"},"content":{"rendered":"<p>Bonjour \u00e0 toutes et tous,<br \/>\nCe dimanche 2 juillet 2023 j&rsquo;ai remport\u00e9 mon premier titre de championne suisse en mixed Team Relay avec mon \u00e9quipe de \u00a0\u00bb Home of Triathlon\u00a0\u00bb lors du Linthathlon.<br \/>\nJ&rsquo;ai particip\u00e9 au Super-Sprint individuel le matin et le mixed Team Relay l&rsquo;apr\u00e8s-midi.<br \/>\nSur la course individuelle Super-Sprint, je me suis class\u00e9e \u00e0 la 10\u00e8me place en 24min15. Nous avons pris le d\u00e9part dans la rivi\u00e8re et nag\u00e9 800m avec le courant. Puis apr\u00e8s ma transition, en voulant sauter sur le v\u00e9lo, j&rsquo;ai gliss\u00e9 avec ma main sur le guidon et je suis malheureusement tomb\u00e9e&#8230;<br \/>\nJe me suis relev\u00e9e le plus vite possible avec les pieds et genoux \u00e9corch\u00e9s. Un seul mot \u00e9tait de jour : keep going. Ma fois je suis tomb\u00e9e et je ne pouvais pas changer cela mais j&rsquo;avais le choix de me relever, de continuer et de me battre. Sans r\u00e9fl\u00e9chir je me suis relev\u00e9e et j&rsquo;ai enfourch\u00e9 mon v\u00e9lo. Je suis partie \u00e0 la poursuite du groupe que j&rsquo;ai rattrap\u00e9. Sur la course \u00e0 pied, j&rsquo;ai tout donn\u00e9 ce qu&rsquo;il me restait, n&rsquo;ayant pas l&rsquo;habitude de sprinter sur des distances autant courtes, c&rsquo;\u00e9tait une premi\u00e8re pour moi.<br \/>\nL&rsquo;apr\u00e8s-midi j&rsquo;ai particip\u00e9 au mixed Team Relay. Notre \u00e9quipe de Home of Triathlon \u00e9tait compos\u00e9e de mes co\u00e9quipiers : Arnaud Margot, Julie Derron, Max Studer et moi. Nous sommes partis dans cette ordre-l\u00e0. D\u00e8s le d\u00e9part Arnaud a livr\u00e9 une superbe performance passant le relais \u00e0 Julie en premi\u00e8re position. Gr\u00e2ce \u00e0 Arnaud, nous \u00e9tions en t\u00eate et nous avons ensuite chacun notre tour continu\u00e9 \u00e0 creuser l&rsquo;\u00e9cart avec nos concurrents.<br \/>\nJ&rsquo;ai eu l&rsquo;honneur de partir en derni\u00e8re position et de b\u00e9n\u00e9ficier de la pr\u00e9cieuse avance que mes co\u00e9quipiers avaient d\u00e9j\u00e0 mis. J&rsquo;ai effectu\u00e9 les 200m de natation dans la rivi\u00e8re, 4.6km de v\u00e9lo seul en contre la montre puis j&rsquo;ai donn\u00e9 tout ce qu&rsquo;il me restait pour mon \u00e9quipe sur les 1.5km de course \u00e0 pied. J&rsquo;ai eu un monstre plaisir de passer la ligne d&rsquo;arriv\u00e9e en premier avec eux \u00e0 mes c\u00f4t\u00e9s et nous avons ramen\u00e9 le titre de champion suisse sur le mixed Team Relay en 1h022min59 avec 2min31sec d&rsquo;avance sur la deuxi\u00e8me \u00e9quipe.<br \/>\nJ&rsquo;ai ador\u00e9 partager ce moment avec mes co\u00e9quipiers et me battre avec eux pour la victoire.<br \/>\nJ&rsquo;ai beaucoup appris sur ces deux courses de format aussi court et je repars avec plus d&rsquo;exp\u00e9riences pour la suite et de bonnes le\u00e7ons que je vais mettre en pratique dans le futur.<br \/>\nJe me r\u00e9jouis de prendre le d\u00e9part sur le Half au Triathlon de la Tour Gen\u00e8ve ce dimanche 9 juillet 2023.<br \/>\nAlanis Siffert<\/p>\n<p><a href=\"https:\/\/alanissiffert.ch\/\" target=\"_blank\" rel=\"noopener\"><img loading=\"lazy\" decoding=\"async\" class=\"aligncenter  wp-image-6583\" src=\"https:\/\/vivresonreve.ch\/wp-content\/uploads\/2023\/07\/cs2023-300x200.jpg\" alt=\"\" width=\"422\" height=\"281\" \/><\/a><\/p>\n","protected":false},"excerpt":{"rendered":"<p>Bonjour \u00e0 toutes et tous, Ce dimanche 2 juillet 2023 j&rsquo;ai remport\u00e9 mon premier titre de championne suisse en mixed Team Relay avec mon \u00e9quipe de \u00a0\u00bb Home of Triathlon\u00a0\u00bb lors du Linthathlon. J&rsquo;ai particip\u00e9 au Super-Sprint individuel le matin et le mixed Team Relay l&rsquo;apr\u00e8s-midi. Sur la course individuelle Super-Sprint, je me suis class\u00e9e [&hellip;]<\/p>\n","protected":false},"author":2,"featured_media":0,"comment_status":"open","ping_status":"open","sticky":true,"template":"","format":"standard","meta":{"_et_pb_use_builder":"","_et_pb_old_content":"","_et_gb_content_width":"","footnotes":""},"categories":[70,11,15],"tags":[],"class_list":["post-6582","post","type-post","status-publish","format-standard","hentry","category-alanis-siffert","category-association","category-sport"],"_links":{"self":[{"href":"https:\/\/vivresonreve.ch\/index.php?rest_route=\/wp\/v2\/posts\/6582","targetHints":{"allow":["GET"]}}],"collection":[{"href":"https:\/\/vivresonreve.ch\/index.php?rest_route=\/wp\/v2\/posts"}],"about":[{"href":"https:\/\/vivresonreve.ch\/index.php?rest_route=\/wp\/v2\/types\/post"}],"author":[{"embeddable":true,"href":"https:\/\/vivresonreve.ch\/index.php?rest_route=\/wp\/v2\/users\/2"}],"replies":[{"embeddable":true,"href":"https:\/\/vivresonreve.ch\/index.php?rest_route=%2Fwp%2Fv2%2Fcomments&post=6582"}],"version-history":[{"count":1,"href":"https:\/\/vivresonreve.ch\/index.php?rest_route=\/wp\/v2\/posts\/6582\/revisions"}],"predecessor-version":[{"id":6584,"href":"https:\/\/vivresonreve.ch\/index.php?rest_route=\/wp\/v2\/posts\/6582\/revisions\/6584"}],"wp:attachment":[{"href":"https:\/\/vivresonreve.ch\/index.php?rest_route=%2Fwp%2Fv2%2Fmedia&parent=6582"}],"wp:term":[{"taxonomy":"category","embeddable":true,"href":"https:\/\/vivresonreve.ch\/index.php?rest_route=%2Fwp%2Fv2%2Fcategories&post=6582"},{"taxonomy":"post_tag","embeddable":true,"href":"https:\/\/vivresonreve.ch\/index.php?rest_route=%2Fwp%2Fv2%2Ftags&post=6582"}],"curies":[{"name":"wp","href":"https:\/\/api.w.org\/{rel}","templated":true}]}}