{"id":6579,"date":"2023-07-26T10:04:39","date_gmt":"2023-07-26T08:04:39","guid":{"rendered":"https:\/\/vivresonreve.ch\/?p=6579"},"modified":"2023-07-26T10:05:23","modified_gmt":"2023-07-26T08:05:23","slug":"kylian-nestola-4","status":"publish","type":"post","link":"https:\/\/vivresonreve.ch\/?p=6579","title":{"rendered":"News Kylian Nestola"},"content":{"rendered":"<p>Bonjour \u00e0 toutes et tous,<br \/>\nJ&rsquo;esp\u00e8re que vous allez bien.<br \/>\nNous sommes \u00e0 peine rentr\u00e9s d&rsquo;Algarve et voici donc le r\u00e9sum\u00e9.<br \/>\nLe weekend a commenc\u00e9 sur une bonne note avec une grille tr\u00e8s serr\u00e9e annon\u00e7ant une course bataill\u00e9e.<br \/>\nJe jouais notamment la 12\u00e8me place avec 4 pilotes.<br \/>\nMalheureusement, lors des derniers tours, j&rsquo;ai chut\u00e9 en tentant de d\u00e9passer mon co\u00e9quipier afin de prendre la t\u00eate du groupe.<br \/>\nC&rsquo;\u00e9tait une chute mineure sans r\u00e9els d\u00e9g\u00e2ts heureusement.<br \/>\nNous repartons donc d\u00e8s demain rempli de motivation pour les tests officiels de Barcelone et pour la course qui aura lieu la semaine prochaine.<br \/>\nMerci pour tout et j&rsquo;esp\u00e8re \u00e0 bient\u00f4t !<\/p>\n<p>Meilleures salutations,<br \/>\nKylian Nestola<\/p>\n<p><a href=\"https:\/\/www.gofundme.com\/f\/championnat-deurope-moto2-2023?utm_campaign=p_cp+share-sheet&amp;utm_medium=copy_link_all&amp;utm_source=customer\" target=\"_blank\" rel=\"noopener\"><img loading=\"lazy\" decoding=\"async\" class=\"aligncenter size-medium wp-image-6580\" src=\"https:\/\/vivresonreve.ch\/wp-content\/uploads\/2023\/07\/algarce-300x200.jpg\" alt=\"\" width=\"300\" height=\"200\" \/><\/a><\/p>\n","protected":false},"excerpt":{"rendered":"<p>Bonjour \u00e0 toutes et tous, J&rsquo;esp\u00e8re que vous allez bien. Nous sommes \u00e0 peine rentr\u00e9s d&rsquo;Algarve et voici donc le r\u00e9sum\u00e9. Le weekend a commenc\u00e9 sur une bonne note avec une grille tr\u00e8s serr\u00e9e annon\u00e7ant une course bataill\u00e9e. Je jouais notamment la 12\u00e8me place avec 4 pilotes. Malheureusement, lors des derniers tours, j&rsquo;ai chut\u00e9 en [&hellip;]<\/p>\n","protected":false},"author":2,"featured_media":0,"comment_status":"open","ping_status":"open","sticky":true,"template":"","format":"standard","meta":{"_et_pb_use_builder":"","_et_pb_old_content":"","_et_gb_content_width":"","footnotes":""},"categories":[11,71,15],"tags":[],"class_list":["post-6579","post","type-post","status-publish","format-standard","hentry","category-association","category-kylian-nestola-1","category-sport"],"_links":{"self":[{"href":"https:\/\/vivresonreve.ch\/index.php?rest_route=\/wp\/v2\/posts\/6579","targetHints":{"allow":["GET"]}}],"collection":[{"href":"https:\/\/vivresonreve.ch\/index.php?rest_route=\/wp\/v2\/posts"}],"about":[{"href":"https:\/\/vivresonreve.ch\/index.php?rest_route=\/wp\/v2\/types\/post"}],"author":[{"embeddable":true,"href":"https:\/\/vivresonreve.ch\/index.php?rest_route=\/wp\/v2\/users\/2"}],"replies":[{"embeddable":true,"href":"https:\/\/vivresonreve.ch\/index.php?rest_route=%2Fwp%2Fv2%2Fcomments&post=6579"}],"version-history":[{"count":1,"href":"https:\/\/vivresonreve.ch\/index.php?rest_route=\/wp\/v2\/posts\/6579\/revisions"}],"predecessor-version":[{"id":6581,"href":"https:\/\/vivresonreve.ch\/index.php?rest_route=\/wp\/v2\/posts\/6579\/revisions\/6581"}],"wp:attachment":[{"href":"https:\/\/vivresonreve.ch\/index.php?rest_route=%2Fwp%2Fv2%2Fmedia&parent=6579"}],"wp:term":[{"taxonomy":"category","embeddable":true,"href":"https:\/\/vivresonreve.ch\/index.php?rest_route=%2Fwp%2Fv2%2Fcategories&post=6579"},{"taxonomy":"post_tag","embeddable":true,"href":"https:\/\/vivresonreve.ch\/index.php?rest_route=%2Fwp%2Fv2%2Ftags&post=6579"}],"curies":[{"name":"wp","href":"https:\/\/api.w.org\/{rel}","templated":true}]}}