{"id":6576,"date":"2023-07-26T09:27:18","date_gmt":"2023-07-26T07:27:18","guid":{"rendered":"https:\/\/vivresonreve.ch\/?p=6576"},"modified":"2023-07-26T09:28:50","modified_gmt":"2023-07-26T07:28:50","slug":"news-arnaud-boisset-9","status":"publish","type":"post","link":"https:\/\/vivresonreve.ch\/?p=6576","title":{"rendered":"News Arnaud Boisset"},"content":{"rendered":"<p>Hello toutes et tous,<br \/>\nCette ann\u00e9e, l\u2019objectif \u00e9tait de revenir rapidement sur la neige afin d\u2019anticiper une \u00e9ventuelle canicule au mois d\u2019ao\u00fbt. R\u00e9sultat, nous avons eu beaucoup moins de temps pour nous pr\u00e9parer physiquement. Il nous a en fait manqu\u00e9 un bon mois par rapport \u00e0 d\u2019habitude. Cette phase de condition physique a donc \u00e9t\u00e9 assez intense, plus intense que les autres ann\u00e9es. \u00c0 cela s\u2019ajoute le fait que nous avons chang\u00e9 d\u2019entra\u00eeneur, et que nous avons par cons\u00e9quent eu droit \u00e0 un nouveau programme. Je suis tr\u00e8s satisfait mais franchement, c\u2019\u00e9tait dur.<br \/>\nLe 10 juillet, nous sommes donc mont\u00e9s \u00e0 Zermatt. Dire que 24 heures plus t\u00f4t, j\u2019\u00e9tais encore au bord de la mer\u2026 Vous le savez, je ne suis pas tr\u00e8s fan du ski d\u2019\u00e9t\u00e9 mais c\u2019est une \u00e9tape incontournable. La m\u00e9t\u00e9o n\u2019a pas \u00e9t\u00e9 de notre c\u00f4t\u00e9, nous n\u2019avons pu skier qu\u2019un jour sur deux, en raison une fois du vent, une autre des orages, ou encore de la chaleur. Le premier camp est toujours compliqu\u00e9, il faut se r\u00e9habituer aux chaussures de ski et aux douleurs qui s\u2019ensuivent ; cette ann\u00e9e, il m\u2019a de plus fallu m\u2019adapter \u00e0 mon nouveau groupe d\u2019entra\u00eenement. Plusieurs \u00e9l\u00e9ments ont \u00e9galement chang\u00e9 dans mon mat\u00e9riel, dans l\u2019optique de la Coupe du monde. Certes, je reste sur Salomon mais mon serviceman est d\u00e9sormais un employ\u00e9 de la marque, qui ne s\u2019occupe que de moi ; c\u2019est vraiment une prestation exceptionnelle de la part de Salomon.<br \/>\nAutant dire qu\u2019il y a eu pas mal de d\u00e9tails \u00e0 mettre en place. Globalement, tout s\u2019est toutefois bien pass\u00e9 m\u00eame si les conditions n\u2019ont pas \u00e9t\u00e9 tr\u00e8s bonnes ; du reste, je ne suis toujours pas convaincu par le ski en juillet. Je pense qu\u2019il faudrait remettre en question cette approche, le glacier n\u2019\u00e9tait d\u2019ailleurs pas tr\u00e8s beau \u00e0 voir. Il vaudrait mieux \u00e0 mon sens reprendre plus tard, fin ao\u00fbt d\u00e9but septembre. Reste qu\u2019en d\u00e9pit des circonstances, j\u2019ai \u00e9prouv\u00e9 beaucoup de plaisir \u00e0 skier. Maintenant, j\u2019ai devant moi un bon mois de condition physique avant de remonter sur les skis. Ce devrait \u00eatre le 20 ao\u00fbt, toujours \u00e0 Zermatt.<\/p>\n<p>Meilleures salutations sportives.<br \/>\nArnaud Boisset<\/p>\n<p><a href=\"https:\/\/arnaudboisset.com\/\" target=\"_blank\" rel=\"noopener\"><img loading=\"lazy\" decoding=\"async\" class=\"aligncenter  wp-image-6577\" src=\"https:\/\/vivresonreve.ch\/wp-content\/uploads\/2023\/07\/boisset-225x300.jpg\" alt=\"\" width=\"287\" height=\"383\" \/><\/a><\/p>\n","protected":false},"excerpt":{"rendered":"<p>Hello toutes et tous, Cette ann\u00e9e, l\u2019objectif \u00e9tait de revenir rapidement sur la neige afin d\u2019anticiper une \u00e9ventuelle canicule au mois d\u2019ao\u00fbt. R\u00e9sultat, nous avons eu beaucoup moins de temps pour nous pr\u00e9parer physiquement. Il nous a en fait manqu\u00e9 un bon mois par rapport \u00e0 d\u2019habitude. Cette phase de condition physique a donc \u00e9t\u00e9 [&hellip;]<\/p>\n","protected":false},"author":2,"featured_media":0,"comment_status":"open","ping_status":"open","sticky":true,"template":"","format":"standard","meta":{"_et_pb_use_builder":"","_et_pb_old_content":"","_et_gb_content_width":"","footnotes":""},"categories":[30,11,15],"tags":[],"class_list":["post-6576","post","type-post","status-publish","format-standard","hentry","category-arnaud-boisset","category-association","category-sport"],"_links":{"self":[{"href":"https:\/\/vivresonreve.ch\/index.php?rest_route=\/wp\/v2\/posts\/6576","targetHints":{"allow":["GET"]}}],"collection":[{"href":"https:\/\/vivresonreve.ch\/index.php?rest_route=\/wp\/v2\/posts"}],"about":[{"href":"https:\/\/vivresonreve.ch\/index.php?rest_route=\/wp\/v2\/types\/post"}],"author":[{"embeddable":true,"href":"https:\/\/vivresonreve.ch\/index.php?rest_route=\/wp\/v2\/users\/2"}],"replies":[{"embeddable":true,"href":"https:\/\/vivresonreve.ch\/index.php?rest_route=%2Fwp%2Fv2%2Fcomments&post=6576"}],"version-history":[{"count":1,"href":"https:\/\/vivresonreve.ch\/index.php?rest_route=\/wp\/v2\/posts\/6576\/revisions"}],"predecessor-version":[{"id":6578,"href":"https:\/\/vivresonreve.ch\/index.php?rest_route=\/wp\/v2\/posts\/6576\/revisions\/6578"}],"wp:attachment":[{"href":"https:\/\/vivresonreve.ch\/index.php?rest_route=%2Fwp%2Fv2%2Fmedia&parent=6576"}],"wp:term":[{"taxonomy":"category","embeddable":true,"href":"https:\/\/vivresonreve.ch\/index.php?rest_route=%2Fwp%2Fv2%2Fcategories&post=6576"},{"taxonomy":"post_tag","embeddable":true,"href":"https:\/\/vivresonreve.ch\/index.php?rest_route=%2Fwp%2Fv2%2Ftags&post=6576"}],"curies":[{"name":"wp","href":"https:\/\/api.w.org\/{rel}","templated":true}]}}