{"id":6550,"date":"2023-06-29T09:10:00","date_gmt":"2023-06-29T07:10:00","guid":{"rendered":"https:\/\/vivresonreve.ch\/?p=6550"},"modified":"2023-06-29T09:11:41","modified_gmt":"2023-06-29T07:11:41","slug":"news-alanis-siffert-6","status":"publish","type":"post","link":"https:\/\/vivresonreve.ch\/?p=6550","title":{"rendered":"News Alanis Siffert Triathlon Z\u00fcrich"},"content":{"rendered":"<p>Bonjour \u00e0 toutes et tous<\/p>\n<p>Ce dimanche 25 juin 2023 j&rsquo;ai particip\u00e9 \u00e0 la National League qui se d\u00e9roulait au Zurich City Triathlon. C&rsquo;\u00e9tait \u00e9galement le championnat suisse sur la distance sprint (750m &#8211; 20k &#8211; 5k) mon premier triathlon sur cette courte distance.<br \/>\nJ&rsquo;ai termin\u00e9 \u00e0 la 3\u00e8me place overall et fini vice-championne suisse des U-23 en 1h04min30sec.<br \/>\nTous les obstacles se sont mis en travers mon chemin pendant la course pour m&rsquo;\u00e9loigner du podium mais je me suis battue jusqu&rsquo;\u00e0 la fin malgr\u00e9 les circonstances pour gagner ma place sur le podium. Dans l&rsquo;ensemble, c&rsquo;est un bel effort !<br \/>\nLe d\u00e9part de la natation a eu lieu dans l&rsquo;eau. C\u2019\u00e9tait un peu chaotique, nous avons d\u00fb attendre 5 minutes dans l&rsquo;eau et j&rsquo;\u00e9tais gel\u00e9e. Les premiers 200 m\u00e8tres j&rsquo;ai nag\u00e9 aussi vite que possible pour m&rsquo;extraire du groupe, mais ensuite d\u00e8s que j&rsquo;\u00e9tais devant, tout le monde me nageait dessus et je me suis fait \u00e9cras\u00e9e. \u00c7a m&rsquo;a vraiment ralenti. Ensuite j&rsquo;ai trouv\u00e9 mon rythme et j&rsquo;ai rattrap\u00e9 les concurrentes et je me suis sentie tr\u00e8s puissante sur la deuxi\u00e8me moiti\u00e9 de la natation. C&rsquo;\u00e9tait un bel apprentissage, je dois m&rsquo;habituer \u00e0 ces d\u00e9parts de masses tr\u00e8s turbulents et agressifs afin d&rsquo;\u00eatre capable de nager en t\u00eate et ne pas me faire engloutir par la masse. Je suis sortie de l&rsquo;eau avec un groupe de t\u00eate d&rsquo;environ dix filles.<br \/>\nSur le v\u00e9lo je me suis retrouv\u00e9e dans ce groupe d&rsquo;environ 10 athl\u00e8tes. J&rsquo;ai roul\u00e9 une grande partie en t\u00eate du groupe et j&rsquo;ai attaqu\u00e9 \u00e0 plusieurs reprises pour essayer de m&rsquo;extraire du groupe mais cela n&rsquo;a pas fonctionn\u00e9. Au moins, j&rsquo;ai pu fatiguer mes concurrentes. Avant le dernier virage du parcours v\u00e9lo, je me suis positionn\u00e9e en t\u00eate pour descendre du v\u00e9lo en premier, puis rapidement d\u00e8s que nous sommes descendus du v\u00e9lo le passage se r\u00e9tr\u00e9cissait et une concurrente m&rsquo;est rentr\u00e9e dedans par derri\u00e8re. Je ne m&rsquo;y attendais pas du tout et mon v\u00e9lo \u00e0 vol\u00e9 et je suis malheureusement tomb\u00e9e. Je me suis relev\u00e9e le plus rapidement possible mais toutes les concurrentes m\u2019avaient devanc\u00e9 et j&rsquo;ai perdu bien 30 secondes. J&rsquo;ai couru jusqu&rsquo;\u00e0 la transition avec quelques secondes de panique puis je me suis directement remis les id\u00e9es en place, je n&rsquo;avais rien \u00e0 perdre et j&rsquo;\u00e9tais d\u00e9termin\u00e9e \u00e0 les rattraper toutes les unes apr\u00e8s les autres. Maintenant c&rsquo;\u00e9tait la t\u00eate qui entrait en jeu.<br \/>\nJ&rsquo;ai donc commenc\u00e9 la course \u00e0 pied loin derri\u00e8re et je les ai chass\u00e9 les unes apr\u00e8s les autres. A la moiti\u00e9 de la course, j&rsquo;ai vu le petit groupe de t\u00eate et j&rsquo;ai tout donn\u00e9. J&rsquo;ai d\u00e9pass\u00e9 la 3\u00e8me fille 500m avant la ligne d&rsquo;arriv\u00e9e et j&rsquo;ai sprint\u00e9 pour m&rsquo;offrir la 3\u00e8me place. J&rsquo;ai couru un fantastique 5km avec la deuxi\u00e8me moiti\u00e9 plus rapide que la premi\u00e8re effectuant une superbe remont\u00e9e.<br \/>\nApr\u00e8s avoir pass\u00e9 la ligne d&rsquo;arriv\u00e9e j&rsquo;\u00e9tais d&rsquo;abord tr\u00e8s frustr\u00e9e puis j&rsquo;\u00e9tais tr\u00e8s fi\u00e8re de mon effort car j&rsquo;avais tout donn\u00e9 malgr\u00e9 les circonstances. Je ne me suis pas laiss\u00e9 d\u00e9stabiliser par ma chute et je me suis battue jusqu&rsquo;\u00e0 la fin. M\u00eame si je suis tomb\u00e9e, j&rsquo;ai fait de mon mieux et j&rsquo;en apprends d&rsquo;autant plus pour la prochaine fois. J&rsquo;ai la chance d&rsquo;avoir pu profiter des encouragements de ma famille et mes proches qui sont venus me soutenir pendant la course.<br \/>\nDans l&rsquo;ensemble je suis contente de ma course et c&rsquo;est gr\u00e2ce \u00e0 mon mental que j&rsquo;ai fini la course sur le podium. J&rsquo;en tire plein de choses positives et de bonnes le\u00e7ons. Il me reste un \u00e9norme potentiel d&rsquo;am\u00e9lioration et je sais ce que je peux am\u00e9liorer la prochaine fois.<br \/>\nJe me r\u00e9jouis de prendre le d\u00e9part le weekend prochain au Linthathlon. Ce sera mon premier super-sprint, une distance encore plus courte dans laquelle je ne me suis encore jamais align\u00e9e (400m-6.6km-1.7km). Ce sera l&rsquo;occasion de mettre en place ce que j&rsquo;ai appris ce week-end et d&rsquo;engranger de l&rsquo;exp\u00e9rience pour les transitions. Je participerai \u00e9galement au championnat suisse du mixed team relay. Cette discipline se pratique en \u00e9quipe de 4 avec 2 filles et deux gar\u00e7ons qui chacun leur tour effectue un mini-triathlon des distance tr\u00e8s courte (200m- 4,6 k v\u00e9lo -1,5 k).<br \/>\nLe week-end suivant je prendrai le d\u00e9part du half au Triathlon de La Tour \u00e0 Gen\u00e8ve (1,9k &#8211; 90k &#8211; 20k). Ayant gagn\u00e9 l&rsquo;\u00e9dition 2022, je me r\u00e9jouis d&rsquo;y retourner pour d\u00e9fendre mon titre.<\/p>\n<p><a href=\"https:\/\/alanissiffert.ch\/\" target=\"_blank\" rel=\"noopener\"><img loading=\"lazy\" decoding=\"async\" class=\"aligncenter size-medium wp-image-6551\" src=\"https:\/\/vivresonreve.ch\/wp-content\/uploads\/2023\/06\/ALANISZU03-300x200.jpg\" alt=\"\" width=\"300\" height=\"200\" \/><\/a> <a href=\"https:\/\/alanissiffert.ch\/\" target=\"_blank\" rel=\"noopener\"><img loading=\"lazy\" decoding=\"async\" class=\"aligncenter size-medium wp-image-6552\" src=\"https:\/\/vivresonreve.ch\/wp-content\/uploads\/2023\/06\/ALANISZU02-200x300.jpg\" alt=\"\" width=\"200\" height=\"300\" \/><\/a> <a href=\"https:\/\/alanissiffert.ch\/\" target=\"_blank\" rel=\"noopener\"><img loading=\"lazy\" decoding=\"async\" class=\"aligncenter size-medium wp-image-6553\" src=\"https:\/\/vivresonreve.ch\/wp-content\/uploads\/2023\/06\/ALANISZU01-200x300.jpg\" alt=\"\" width=\"200\" height=\"300\" \/><\/a><\/p>\n<p>&nbsp;<\/p>\n<p>&nbsp;<\/p>\n<p>&nbsp;<\/p>\n","protected":false},"excerpt":{"rendered":"<p>Bonjour \u00e0 toutes et tous Ce dimanche 25 juin 2023 j&rsquo;ai particip\u00e9 \u00e0 la National League qui se d\u00e9roulait au Zurich City Triathlon. C&rsquo;\u00e9tait \u00e9galement le championnat suisse sur la distance sprint (750m &#8211; 20k &#8211; 5k) mon premier triathlon sur cette courte distance. J&rsquo;ai termin\u00e9 \u00e0 la 3\u00e8me place overall et fini vice-championne suisse [&hellip;]<\/p>\n","protected":false},"author":2,"featured_media":0,"comment_status":"open","ping_status":"open","sticky":true,"template":"","format":"standard","meta":{"_et_pb_use_builder":"","_et_pb_old_content":"","_et_gb_content_width":"","footnotes":""},"categories":[70,11,15],"tags":[],"class_list":["post-6550","post","type-post","status-publish","format-standard","hentry","category-alanis-siffert","category-association","category-sport"],"_links":{"self":[{"href":"https:\/\/vivresonreve.ch\/index.php?rest_route=\/wp\/v2\/posts\/6550","targetHints":{"allow":["GET"]}}],"collection":[{"href":"https:\/\/vivresonreve.ch\/index.php?rest_route=\/wp\/v2\/posts"}],"about":[{"href":"https:\/\/vivresonreve.ch\/index.php?rest_route=\/wp\/v2\/types\/post"}],"author":[{"embeddable":true,"href":"https:\/\/vivresonreve.ch\/index.php?rest_route=\/wp\/v2\/users\/2"}],"replies":[{"embeddable":true,"href":"https:\/\/vivresonreve.ch\/index.php?rest_route=%2Fwp%2Fv2%2Fcomments&post=6550"}],"version-history":[{"count":3,"href":"https:\/\/vivresonreve.ch\/index.php?rest_route=\/wp\/v2\/posts\/6550\/revisions"}],"predecessor-version":[{"id":6556,"href":"https:\/\/vivresonreve.ch\/index.php?rest_route=\/wp\/v2\/posts\/6550\/revisions\/6556"}],"wp:attachment":[{"href":"https:\/\/vivresonreve.ch\/index.php?rest_route=%2Fwp%2Fv2%2Fmedia&parent=6550"}],"wp:term":[{"taxonomy":"category","embeddable":true,"href":"https:\/\/vivresonreve.ch\/index.php?rest_route=%2Fwp%2Fv2%2Fcategories&post=6550"},{"taxonomy":"post_tag","embeddable":true,"href":"https:\/\/vivresonreve.ch\/index.php?rest_route=%2Fwp%2Fv2%2Ftags&post=6550"}],"curies":[{"name":"wp","href":"https:\/\/api.w.org\/{rel}","templated":true}]}}