{"id":6490,"date":"2023-06-05T12:05:16","date_gmt":"2023-06-05T10:05:16","guid":{"rendered":"https:\/\/vivresonreve.ch\/?p=6490"},"modified":"2023-06-05T12:40:36","modified_gmt":"2023-06-05T10:40:36","slug":"kylian-nestola-3","status":"publish","type":"post","link":"https:\/\/vivresonreve.ch\/?p=6490","title":{"rendered":"News Kylian Nestola"},"content":{"rendered":"<p>[et_pb_section fb_built=\u00a0\u00bb1&Prime; admin_label=\u00a0\u00bbsection\u00a0\u00bb _builder_version=\u00a0\u00bb4.14.8&Prime; custom_padding=\u00a0\u00bb4px|||||\u00a0\u00bb global_colors_info=\u00a0\u00bb{}\u00a0\u00bb][et_pb_row admin_label=\u00a0\u00bbrow\u00a0\u00bb _builder_version=\u00a0\u00bb3.25&Prime; background_size=\u00a0\u00bbinitial\u00a0\u00bb background_position=\u00a0\u00bbtop_left\u00a0\u00bb background_repeat=\u00a0\u00bbrepeat\u00a0\u00bb min_height=\u00a0\u00bb1383.5px\u00a0\u00bb global_colors_info=\u00a0\u00bb{}\u00a0\u00bb custom_padding=\u00a0\u00bb55px|||||\u00a0\u00bb][et_pb_column type=\u00a0\u00bb4_4&Prime; _builder_version=\u00a0\u00bb3.25&Prime; custom_padding=\u00a0\u00bb|||\u00a0\u00bb global_colors_info=\u00a0\u00bb{}\u00a0\u00bb custom_padding__hover=\u00a0\u00bb|||\u00a0\u00bb][et_pb_text admin_label=\u00a0\u00bbText\u00a0\u00bb _builder_version=\u00a0\u00bb4.14.8&Prime; background_size=\u00a0\u00bbinitial\u00a0\u00bb background_position=\u00a0\u00bbtop_left\u00a0\u00bb background_repeat=\u00a0\u00bbrepeat\u00a0\u00bb hover_enabled=\u00a0\u00bb0&Prime; global_colors_info=\u00a0\u00bb{}\u00a0\u00bb sticky_enabled=\u00a0\u00bb0&Prime;]<\/p>\n<p>Superstock 600 \u2013 Kylian Nestola<br \/>Le Suisse Kylian Nestola (num\u00e9ro 86), jeune pilote soutenu par ActuMoto.ch et engag\u00e9 au sein du team Fau55 Tey en championnat europ\u00e9en, a connu des d\u00e9buts ardus au Portugal et en Espagne. Mais il y a des signes encourageants pour la suite.<br \/>Parmi les pilotes suisses qu\u2019ActuMoto.ch soutient (modestement), il y a le jeune fribourgeois Kylian Nestola. Depuis l\u2019ann\u00e9e derni\u00e8re, ce jeune talent est engag\u00e9 en championnat europ\u00e9en Superstock (600) dans le team espagnol Fau55 Tey, fond\u00e9 par l\u2019ancien Hector Faubel, et consid\u00e9r\u00e9 par beaucoup dans le milieu comme un tremplin pour jeunes talents.<br \/>La saison 2022, celle de la d\u00e9couverte, s\u2019est conclue par une onzi\u00e8me place au championnat (sur 20). En 2023, la premi\u00e8re course a eu lieu sur le circuit portugais d\u2019Estoril. Kylian s\u2019est qualifi\u00e9 en 17\u00e8me position, et il a fini la course au onzi\u00e8me rang. Un assez bon r\u00e9sultat si l\u2019on consid\u00e8re sa mauvaise qualification, m\u00eame en tenant compte des quatre abandons en course.<br \/>Le jeune Fribourgeois a post\u00e9 le 13\u00e8me temps lors de la premi\u00e8re s\u00e9ance qualificative, mais il est aussi tomb\u00e9 \u00e0 relativement haute vitesse, ce qui a dans les faits coup\u00e9s court \u00e0 toute possibilit\u00e9 d\u2019am\u00e9lioration lors de la seconde s\u00e9ance qualificative, o\u00f9 il n\u2019a pas fait mieux \u2013 le temps \u00e9tait moins bon qu\u2019en Q1.<br \/>Kylian est donc parti de la 13\u00e8me place sur la grille de d\u00e9part, et il a r\u00e9ussi assez vite \u00e0 se placer \u00e0 la dixi\u00e8me place.<br \/>Mais la course a \u00e9t\u00e9 interrompue par des drapeaux rouges apr\u00e8s une chute, et il a fallu donner un nouveau d\u00e9part, avec une course raccourcie \u00e0 12 tours.<br \/>Kylian a malheureusement commis une erreur de placement sur la grille, mordant sur la ligne blanche. Comme sanction, il a eu droit \u00e0 une double p\u00e9nalit\u00e9 Long Lap, et s\u2019est retrouv\u00e9 dernier !<br \/>Il a ensuite fait tout ce qu\u2019il a pu pour remonter dans les rangs. Mais ce faisant il a perdu du temps. Et il fallait rester prudent : selon Kylian, il restait quelques traces d\u2019huile sur la piste \u00e0 la suite de l\u2019incident ayant conduit \u00e0 brandir les drapeaux rouges.<br \/>Il a cependant pu remonter jusqu\u2019\u00e0 une douzi\u00e8me place finale, sans r\u00e9ussir \u00e0 revenir au contact du groupe compact allant du pilote en 7\u00e8me position \u00e0 celui qui occupait la dixi\u00e8me place.<br \/>\u00ab En soi, dans l\u2019absolu, c\u2019\u00e9tait une belle course, le fait de pouvoir remonter toutes ces places, commente Kylian. Mais ma mauvaise qualif et encore mon erreur au d\u00e9part m\u2019ont un peu co\u00fbt\u00e9 le week-end. \u00bb<\/p>\n<p><a href=\"https:\/\/vivresonreve.ch\/wp-content\/uploads\/2023\/06\/KYLIAN_VALENCE.jpg\" target=\"_blank\" rel=\"noopener\"><img loading=\"lazy\" decoding=\"async\" class=\"aligncenter size-medium wp-image-6491\" src=\"https:\/\/vivresonreve.ch\/wp-content\/uploads\/2023\/06\/KYLIAN_VALENCE-300x211.jpg\" alt=\"\" width=\"300\" height=\"211\" \/><\/a><\/p>\n<p>&nbsp;<\/p>\n<h5 style=\"text-align: center;\">De plus, nous avons lanc\u00e9 un crowdfunding afin de pouvoir mener au mieux cette saison !<\/h5>\n<h5 style=\"text-align: center;\">Merci de cliquer sur l&rsquo;image ci-dessous<\/h5>\n<p><a href=\"https:\/\/www.gofundme.com\/f\/championnat-deurope-moto2-2023?utm_campaign=p_cp+share-sheet&amp;utm_medium=copy_link_all&amp;utm_source=customer\" target=\"_blank\" rel=\"noopener\"><img loading=\"lazy\" decoding=\"async\" class=\"aligncenter size-medium wp-image-6492\" src=\"https:\/\/vivresonreve.ch\/wp-content\/uploads\/2023\/06\/KYLIAN_QR_CODE-118x300.jpg\" alt=\"\" width=\"118\" height=\"300\" srcset=\"https:\/\/vivresonreve.ch\/wp-content\/uploads\/2023\/06\/KYLIAN_QR_CODE-118x300.jpg 118w, https:\/\/vivresonreve.ch\/wp-content\/uploads\/2023\/06\/KYLIAN_QR_CODE.jpg 300w\" sizes=\"auto, (max-width: 118px) 100vw, 118px\" \/><\/a><\/p>\n<p>[\/et_pb_text][\/et_pb_column][\/et_pb_row][\/et_pb_section][et_pb_section fb_built=\u00a0\u00bb1&Prime; _builder_version=\u00a0\u00bb3.22&Prime; global_colors_info=\u00a0\u00bb{}\u00a0\u00bb][et_pb_row _builder_version=\u00a0\u00bb3.25&Prime; background_size=\u00a0\u00bbinitial\u00a0\u00bb background_position=\u00a0\u00bbtop_left\u00a0\u00bb background_repeat=\u00a0\u00bbrepeat\u00a0\u00bb global_colors_info=\u00a0\u00bb{}\u00a0\u00bb][et_pb_column type=\u00a0\u00bb4_4&Prime; _builder_version=\u00a0\u00bb3.25&Prime; custom_padding=\u00a0\u00bb|||\u00a0\u00bb global_colors_info=\u00a0\u00bb{}\u00a0\u00bb custom_padding__hover=\u00a0\u00bb|||\u00a0\u00bb][et_pb_image src=\u00a0\u00bbhttps:\/\/vivresonreve.ch\/wp-content\/uploads\/2023\/03\/1.png\u00a0\u00bb title_text=\u00a0\u00bb1&Prime; _builder_version=\u00a0\u00bb4.14.8&Prime; _module_preset=\u00a0\u00bbdefault\u00a0\u00bb global_colors_info=\u00a0\u00bb{}\u00a0\u00bb][\/et_pb_image][et_pb_image src=\u00a0\u00bbhttps:\/\/vivresonreve.ch\/wp-content\/uploads\/2023\/03\/2-scaled.jpg\u00a0\u00bb title_text=\u00a0\u00bb2&Prime; _builder_version=\u00a0\u00bb4.14.8&Prime; _module_preset=\u00a0\u00bbdefault\u00a0\u00bb global_colors_info=\u00a0\u00bb{}\u00a0\u00bb][\/et_pb_image][et_pb_text _builder_version=\u00a0\u00bb4.14.8&Prime; background_size=\u00a0\u00bbinitial\u00a0\u00bb background_position=\u00a0\u00bbtop_left\u00a0\u00bb background_repeat=\u00a0\u00bbrepeat\u00a0\u00bb global_colors_info=\u00a0\u00bb{}\u00a0\u00bb]<\/p>\n<p>Bonjour \u00e0 tous,<\/p>\n<p>Cette ann\u00e9e 2023 a d\u00e9but\u00e9 avec un camp d\u2019entrainement au soleil. J\u2019ai pass\u00e9 six semaines \u00e0 Gran Canaria du 16 janvier au 23 f\u00e9vrier, o\u00f9 je me suis entrain\u00e9e avec mon \u00e9quipe de Trisutto. Cette bonne dynamique de groupe, me fait progresser et me tire en avant. Cela m\u2019a permis de voir o\u00f9 je me situais\u00a0: j\u2019ai remarqu\u00e9 mes progr\u00e8s g\u00e9n\u00e9raux par rapport \u00e0 l\u2019\u00e9t\u00e9 pass\u00e9, surtout mon am\u00e9lioration sur le v\u00e9lo. Ce stage d\u2019entrainement m\u2019a permis d\u2019\u00e9tablir une base solide afin d\u2019\u00eatre pr\u00eate et en forme pour cette nouvelle saison 2023 de triathlon.<\/p>\n<p><span style=\"color: #f263bd;\"><strong>Maintenant, une nouvelle aventure m\u2019attend !<\/strong><\/span><br \/>Je suis arriv\u00e9e ce dimanche 5 mars 2023 en Chine, o\u00f9 j\u2019ai retrouv\u00e9 mon coach, Brett Sutton, qui entraine actuellement l\u2019\u00e9quipe nationale chinoise de Triathlon. Un co\u00e9quipier et moi avons rejoint pour 3 mois le centre d\u2019entrainement \u00e0 Kunming, une ville situ\u00e9e au sud de la Chine, proche du Vietnam, \u00e0 1900m d\u2019altitude. Cette opportunit\u00e9 unique me permet de m\u2019entrainer dans de parfaites conditions. J\u2019avais d\u00e9j\u00e0 c\u00f4toy\u00e9 une partie des athl\u00e8tes chinois, l\u2019\u00e9t\u00e9 dernier lors d\u2019un camp \u00e0 St-Moritz. La dynamique d\u2019entrainement sera motivante: l\u2019\u00e9quipe chinoise a\u00a0de tr\u00e8s bonnes nageuses et le groupe de natation sera rapide. Pour le v\u00e9lo, m\u2019\u00e9tant bien am\u00e9lior\u00e9e les derniers mois, je pourrai \u00e0 mon tour les aider et pour la course \u00e0 pied les chinoise pourront me tirer en avant. Entre autres, cela sera une magnifique d\u00e9couverte humaine et culturelle.<\/p>\n<p>Pendant mon s\u00e9jour ici en Chine, je disputerai les premi\u00e8res courses de ma saison. Je prendrai part \u00e0 deux Coupes d\u2019Asie sur la distance olympique, sur le circuit de l\u2019Asian Triathlon. Au d\u00e9but du mois d\u2019avril, je participerai \u00e0 l\u2019Asia Triathlon Cup \u00e0 Dexing les 8 et 9 avril, et dans le courant du mois de mai \u00e0 l\u2019Asia Triathlon Cup de Taizhou, les 20 et 21 mai. Ce timing est parfait. Ce sera pour moi l\u2019opportunit\u00e9 d\u2019entrer dans le circuit du \u00ab World Triathlon \u00bb afin d\u2019engranger de l\u2019exp\u00e9rience et de r\u00e9colter de pr\u00e9cieux points qui me permettront par la suite de participer \u00e0 des coupes du monde.<\/p>\n<p>[\/et_pb_text][\/et_pb_column][\/et_pb_row][et_pb_row column_structure=\u00a0\u00bb1_2,1_2&Prime; _builder_version=\u00a0\u00bb3.25&Prime; background_size=\u00a0\u00bbinitial\u00a0\u00bb background_position=\u00a0\u00bbtop_left\u00a0\u00bb background_repeat=\u00a0\u00bbrepeat\u00a0\u00bb global_colors_info=\u00a0\u00bb{}\u00a0\u00bb][et_pb_column type=\u00a0\u00bb1_2&Prime; _builder_version=\u00a0\u00bb3.25&Prime; custom_padding=\u00a0\u00bb|||\u00a0\u00bb global_colors_info=\u00a0\u00bb{}\u00a0\u00bb custom_padding__hover=\u00a0\u00bb|||\u00a0\u00bb][et_pb_image src=\u00a0\u00bbhttps:\/\/vivresonreve.ch\/wp-content\/uploads\/2023\/03\/3-scaled.jpg\u00a0\u00bb title_text=\u00a0\u00bb3&Prime; _builder_version=\u00a0\u00bb4.14.8&Prime; _module_preset=\u00a0\u00bbdefault\u00a0\u00bb global_colors_info=\u00a0\u00bb{}\u00a0\u00bb][\/et_pb_image][\/et_pb_column][et_pb_column type=\u00a0\u00bb1_2&Prime; _builder_version=\u00a0\u00bb3.25&Prime; custom_padding=\u00a0\u00bb|||\u00a0\u00bb global_colors_info=\u00a0\u00bb{}\u00a0\u00bb custom_padding__hover=\u00a0\u00bb|||\u00a0\u00bb][et_pb_image src=\u00a0\u00bbhttps:\/\/vivresonreve.ch\/wp-content\/uploads\/2023\/03\/4.jpg\u00a0\u00bb title_text=\u00a0\u00bb4&Prime; _builder_version=\u00a0\u00bb4.14.8&Prime; _module_preset=\u00a0\u00bbdefault\u00a0\u00bb global_colors_info=\u00a0\u00bb{}\u00a0\u00bb][\/et_pb_image][\/et_pb_column][\/et_pb_row][et_pb_row _builder_version=\u00a0\u00bb4.14.8&Prime; _module_preset=\u00a0\u00bbdefault\u00a0\u00bb global_colors_info=\u00a0\u00bb{}\u00a0\u00bb][et_pb_column type=\u00a0\u00bb4_4&Prime; _builder_version=\u00a0\u00bb4.14.8&Prime; _module_preset=\u00a0\u00bbdefault\u00a0\u00bb global_colors_info=\u00a0\u00bb{}\u00a0\u00bb][et_pb_text _builder_version=\u00a0\u00bb4.14.8&Prime; _module_preset=\u00a0\u00bbdefault\u00a0\u00bb global_colors_info=\u00a0\u00bb{}\u00a0\u00bb]<\/p>\n<p>Hi everyone,<\/p>\n<p>&nbsp;<\/p>\n<div>\n<p>This year 2023 started with a training camp in the sun. I spent six weeks in Gran Canaria from January 16th to February 23rd, where I trained with my team from Trisutto. This good dynamic group makes me progress and pushes me forward. It allowed me to see where I was: I noticed my general progress compared to last summer, especially my improvement on the bike. This training camp allowed me to set up a solid base to be ready and in shape for this new 2023 triathlon season.<\/p>\n<p><span style=\"color: #f263bd;\"><strong>Now, a new journey awaits me!<\/strong><\/span><br \/>I arrived this Sunday, March 5, 2023 in China, where I am joining my coach, Brett Sutton, who is currently coaching the Chinese National Triathlon Team. A teammate and I have reached the training center in Kunming, a city located in the south of China, close to Vietnam, at 1900m high, for 3 months. This unique opportunity allows me to train in perfect conditions. I had already met some of these chinese athletes last summer during a camp in St-Moritz. The training dynamics will be motivating: the Chinese team has very good swimmers and the swimming group will be fast.\u00a0For the bike, having improved myself a lot in the last months, I will be able to help them and for the run, the Chinese will be able to pull me forward.\u00a0 Among other things, it will be a great human and cultural discovery.<\/p>\n<p>During my stay in China, I will compete in the first races of my season. I will take part in two Asian Cups on the Olympic distance, on the Asian Triathlon circuit. At the beginning of April, I will participate in the Asia Triathlon Cup in Dexing on April 8 and 9, and in May in the Asia Triathlon Cup in Taizhou, on May 20 and 21. The timing is perfect. It will be for me the opportunity to enter the \u00ab\u00a0World Triathlon\u00a0\u00bb circuit in order to gain experience and collect precious points that will allow me to participate in World Cups.<\/p>\n<\/div>\n<p>[\/et_pb_text][et_pb_image src=\u00a0\u00bbhttps:\/\/vivresonreve.ch\/wp-content\/uploads\/2023\/03\/5.png\u00a0\u00bb title_text=\u00a0\u00bb5&Prime; align=\u00a0\u00bbcenter\u00a0\u00bb _builder_version=\u00a0\u00bb4.14.8&Prime; _module_preset=\u00a0\u00bbdefault\u00a0\u00bb global_colors_info=\u00a0\u00bb{}\u00a0\u00bb][\/et_pb_image][\/et_pb_column][\/et_pb_row][\/et_pb_section]<\/p>\n","protected":false},"excerpt":{"rendered":"<p>Superstock 600 \u2013 Kylian NestolaLe Suisse Kylian Nestola (num\u00e9ro 86), jeune pilote soutenu par ActuMoto.ch et engag\u00e9 au sein du team Fau55 Tey en championnat europ\u00e9en, a connu des d\u00e9buts ardus au Portugal et en Espagne. Mais il y a des signes encourageants pour la suite.Parmi les pilotes suisses qu\u2019ActuMoto.ch soutient (modestement), il y a [&hellip;]<\/p>\n","protected":false},"author":2,"featured_media":0,"comment_status":"open","ping_status":"open","sticky":true,"template":"","format":"standard","meta":{"_et_pb_use_builder":"on","_et_pb_old_content":"Superstock 600 \u2013 Kylian Nestola\r\nLe Suisse Kylian Nestola (num\u00e9ro 86), jeune pilote soutenu par ActuMoto.ch et engag\u00e9 au sein du team Fau55 Tey en championnat europ\u00e9en, a connu des d\u00e9buts ardus au Portugal et en Espagne. Mais il y a des signes encourageants pour la suite.\r\nParmi les pilotes suisses qu\u2019ActuMoto.ch soutient (modestement), il y a le jeune fribourgeois Kylian Nestola. Depuis l\u2019ann\u00e9e derni\u00e8re, ce jeune talent est engag\u00e9 en championnat europ\u00e9en Superstock (600) dans le team espagnol Fau55 Tey, fond\u00e9 par l\u2019ancien Hector Faubel, et consid\u00e9r\u00e9 par beaucoup dans le milieu comme un tremplin pour jeunes talents.\r\nLa saison 2022, celle de la d\u00e9couverte, s\u2019est conclue par une onzi\u00e8me place au championnat (sur 20). En 2023, la premi\u00e8re course a eu lieu sur le circuit portugais d\u2019Estoril. Kylian s\u2019est qualifi\u00e9 en 17\u00e8me position, et il a fini la course au onzi\u00e8me rang. Un assez bon r\u00e9sultat si l\u2019on consid\u00e8re sa mauvaise qualification, m\u00eame en tenant compte des quatre abandons en course.\r\nLe jeune Fribourgeois a post\u00e9 le 13\u00e8me temps lors de la premi\u00e8re s\u00e9ance qualificative, mais il est aussi tomb\u00e9 \u00e0 relativement haute vitesse, ce qui a dans les faits coup\u00e9s court \u00e0 toute possibilit\u00e9 d\u2019am\u00e9lioration lors de la seconde s\u00e9ance qualificative, o\u00f9 il n\u2019a pas fait mieux \u2013 le temps \u00e9tait moins bon qu\u2019en Q1.\r\nKylian est donc parti de la 13\u00e8me place sur la grille de d\u00e9part, et il a r\u00e9ussi assez vite \u00e0 se placer \u00e0 la dixi\u00e8me place.\r\nMais la course a \u00e9t\u00e9 interrompue par des drapeaux rouges apr\u00e8s une chute, et il a fallu donner un nouveau d\u00e9part, avec une course raccourcie \u00e0 12 tours.\r\nKylian a malheureusement commis une erreur de placement sur la grille, mordant sur la ligne blanche. Comme sanction, il a eu droit \u00e0 une double p\u00e9nalit\u00e9 Long Lap, et s\u2019est retrouv\u00e9 dernier !\r\nIl a ensuite fait tout ce qu\u2019il a pu pour remonter dans les rangs. Mais ce faisant il a perdu du temps. Et il fallait rester prudent : selon Kylian, il restait quelques traces d\u2019huile sur la piste \u00e0 la suite de l\u2019incident ayant conduit \u00e0 brandir les drapeaux rouges.\r\nIl a cependant pu remonter jusqu\u2019\u00e0 une douzi\u00e8me place finale, sans r\u00e9ussir \u00e0 revenir au contact du groupe compact allant du pilote en 7\u00e8me position \u00e0 celui qui occupait la dixi\u00e8me place.\r\n\u00ab En soi, dans l\u2019absolu, c\u2019\u00e9tait une belle course, le fait de pouvoir remonter toutes ces places, commente Kylian. Mais ma mauvaise qualif et encore mon erreur au d\u00e9part m\u2019ont un peu co\u00fbt\u00e9 le week-end. \u00bb\r\n\r\n<a href=\"https:\/\/vivresonreve.ch\/wp-content\/uploads\/2023\/06\/KYLIAN_VALENCE.jpg\"><img class=\"aligncenter size-medium wp-image-6491\" src=\"https:\/\/vivresonreve.ch\/wp-content\/uploads\/2023\/06\/KYLIAN_VALENCE-300x211.jpg\" alt=\"\" width=\"300\" height=\"211\" \/><\/a>\r\n<h3 style=\"text-align: center;\">De plus, nous avons lanc\u00e9 un crowdfunding afin de pouvoir mener au mieux cette saison !<\/h3>\r\n<h3 style=\"text-align: center;\">Merci de cliquer sur l'image ci-dessous\r\n\r\n<a href=\"https:\/\/www.gofundme.com\/f\/championnat-deurope-moto2-2023?utm_campaign=p_cp+share-sheet&amp;utm_medium=copy_link_all&amp;utm_source=customer\" target=\"_blank\" rel=\"noopener\"><img class=\"aligncenter size-medium wp-image-6492\" src=\"https:\/\/vivresonreve.ch\/wp-content\/uploads\/2023\/06\/KYLIAN_QR_CODE-118x300.jpg\" alt=\"\" width=\"118\" height=\"300\" \/><\/a><\/h3>","_et_gb_content_width":"","footnotes":""},"categories":[11,71,15],"tags":[],"class_list":["post-6490","post","type-post","status-publish","format-standard","hentry","category-association","category-kylian-nestola-1","category-sport"],"_links":{"self":[{"href":"https:\/\/vivresonreve.ch\/index.php?rest_route=\/wp\/v2\/posts\/6490","targetHints":{"allow":["GET"]}}],"collection":[{"href":"https:\/\/vivresonreve.ch\/index.php?rest_route=\/wp\/v2\/posts"}],"about":[{"href":"https:\/\/vivresonreve.ch\/index.php?rest_route=\/wp\/v2\/types\/post"}],"author":[{"embeddable":true,"href":"https:\/\/vivresonreve.ch\/index.php?rest_route=\/wp\/v2\/users\/2"}],"replies":[{"embeddable":true,"href":"https:\/\/vivresonreve.ch\/index.php?rest_route=%2Fwp%2Fv2%2Fcomments&post=6490"}],"version-history":[{"count":6,"href":"https:\/\/vivresonreve.ch\/index.php?rest_route=\/wp\/v2\/posts\/6490\/revisions"}],"predecessor-version":[{"id":6500,"href":"https:\/\/vivresonreve.ch\/index.php?rest_route=\/wp\/v2\/posts\/6490\/revisions\/6500"}],"wp:attachment":[{"href":"https:\/\/vivresonreve.ch\/index.php?rest_route=%2Fwp%2Fv2%2Fmedia&parent=6490"}],"wp:term":[{"taxonomy":"category","embeddable":true,"href":"https:\/\/vivresonreve.ch\/index.php?rest_route=%2Fwp%2Fv2%2Fcategories&post=6490"},{"taxonomy":"post_tag","embeddable":true,"href":"https:\/\/vivresonreve.ch\/index.php?rest_route=%2Fwp%2Fv2%2Ftags&post=6490"}],"curies":[{"name":"wp","href":"https:\/\/api.w.org\/{rel}","templated":true}]}}