{"id":6264,"date":"2023-05-12T17:26:44","date_gmt":"2023-05-12T15:26:44","guid":{"rendered":"https:\/\/vivresonreve.ch\/?p=6264"},"modified":"2023-05-12T17:32:28","modified_gmt":"2023-05-12T15:32:28","slug":"kylian-nestola-2","status":"publish","type":"post","link":"https:\/\/vivresonreve.ch\/?p=6264","title":{"rendered":"News Kylian Nestola"},"content":{"rendered":"<p>J&rsquo;esp\u00e8re que vous vous portez au mieux.<\/p>\n<p>Voici le premier communiqu\u00e9 de l&rsquo;ann\u00e9e.<\/p>\n<p>Nous terminons cette manche du Portugal avec des sentiments tr\u00e8s partag\u00e9s&#8230;<br \/>\nJe me suis retrouv\u00e9 aux bas-fonds du classement tout au long du week-end et j&rsquo;ai cherch\u00e9 des \u00ab\u00a0erreurs\u00a0\u00bb sur mon pilotage l\u00e0 o\u00f9 il n&rsquo;y en avait pas.<br \/>\nSamedi soir, apr\u00e8s m&rsquo;\u00eatre qualifi\u00e9 17\u00e8me pour la course, l&rsquo;\u00e9quipe et moi nous sommes pench\u00e9s sur chaque d\u00e9tail analysable afin de comprendre d&rsquo;o\u00f9 venait ce manque de performance. Nous avons finalement d\u00e9cid\u00e9 de partir en course avec un setting (r\u00e9glages de la moto) totalement diff\u00e9rent afin d&rsquo;aller chercher le meilleur r\u00e9sultat possible.<br \/>\nC&rsquo;est donc dans l&rsquo;inconnu\u00a0total que je prends\u00a0le d\u00e9part et d\u00fb \u00e0 une erreur je me retrouve dernier au premier virage. Heureusement, nous avions fait\u00a0mouche, la moto me plaisait \u00e9norm\u00e9ment\u00a0et j&rsquo;ai donc entam\u00e9 une remont\u00e9e jusqu&rsquo;\u00e0 la 11\u00e8me place et termin\u00e9 \u00e0 quelques m\u00e8tres\u00a0des pilotes devant moi (10 et 9\u00e8me).<br \/>\nLa performance en course n&rsquo;est pas si mal en soit (bien mieux que l&rsquo;an pass\u00e9), mais je suis persuad\u00e9 que nous pouvions mieux faire. C&rsquo;est donc une tr\u00e8s grande le\u00e7on que j&rsquo;apprends ce weekend que j&rsquo;appliquerai \u00e0 Valence la semaine prochaine.<\/p>\n<p>Un \u00e9norme merci pour votre soutien !<\/p>\n<p>Meilleures salutations et bon week-end,<\/p>\n<p>Kylian Nestola<\/p>\n<p><a href=\"https:\/\/vivresonreve.ch\/wp-content\/uploads\/2023\/05\/NESTOLA_01-scaled.jpg\"><img loading=\"lazy\" decoding=\"async\" class=\"alignnone size-medium wp-image-6267\" src=\"https:\/\/vivresonreve.ch\/wp-content\/uploads\/2023\/05\/NESTOLA_01-300x200.jpg\" alt=\"\" width=\"300\" height=\"200\" \/><\/a> <a href=\"https:\/\/vivresonreve.ch\/wp-content\/uploads\/2023\/05\/NESTOLA_02-scaled.jpg\"><img loading=\"lazy\" decoding=\"async\" class=\"alignnone size-medium wp-image-6269\" src=\"https:\/\/vivresonreve.ch\/wp-content\/uploads\/2023\/05\/NESTOLA_02-300x200.jpg\" alt=\"\" width=\"300\" height=\"200\" \/><\/a><\/p>\n","protected":false},"excerpt":{"rendered":"<p>J&rsquo;esp\u00e8re que vous vous portez au mieux. Voici le premier communiqu\u00e9 de l&rsquo;ann\u00e9e. Nous terminons cette manche du Portugal avec des sentiments tr\u00e8s partag\u00e9s&#8230; Je me suis retrouv\u00e9 aux bas-fonds du classement tout au long du week-end et j&rsquo;ai cherch\u00e9 des \u00ab\u00a0erreurs\u00a0\u00bb sur mon pilotage l\u00e0 o\u00f9 il n&rsquo;y en avait pas. Samedi soir, apr\u00e8s [&hellip;]<\/p>\n","protected":false},"author":2,"featured_media":0,"comment_status":"open","ping_status":"open","sticky":true,"template":"","format":"standard","meta":{"_et_pb_use_builder":"","_et_pb_old_content":"","_et_gb_content_width":"","footnotes":""},"categories":[11,71,15],"tags":[],"class_list":["post-6264","post","type-post","status-publish","format-standard","hentry","category-association","category-kylian-nestola-1","category-sport"],"_links":{"self":[{"href":"https:\/\/vivresonreve.ch\/index.php?rest_route=\/wp\/v2\/posts\/6264","targetHints":{"allow":["GET"]}}],"collection":[{"href":"https:\/\/vivresonreve.ch\/index.php?rest_route=\/wp\/v2\/posts"}],"about":[{"href":"https:\/\/vivresonreve.ch\/index.php?rest_route=\/wp\/v2\/types\/post"}],"author":[{"embeddable":true,"href":"https:\/\/vivresonreve.ch\/index.php?rest_route=\/wp\/v2\/users\/2"}],"replies":[{"embeddable":true,"href":"https:\/\/vivresonreve.ch\/index.php?rest_route=%2Fwp%2Fv2%2Fcomments&post=6264"}],"version-history":[{"count":4,"href":"https:\/\/vivresonreve.ch\/index.php?rest_route=\/wp\/v2\/posts\/6264\/revisions"}],"predecessor-version":[{"id":6270,"href":"https:\/\/vivresonreve.ch\/index.php?rest_route=\/wp\/v2\/posts\/6264\/revisions\/6270"}],"wp:attachment":[{"href":"https:\/\/vivresonreve.ch\/index.php?rest_route=%2Fwp%2Fv2%2Fmedia&parent=6264"}],"wp:term":[{"taxonomy":"category","embeddable":true,"href":"https:\/\/vivresonreve.ch\/index.php?rest_route=%2Fwp%2Fv2%2Fcategories&post=6264"},{"taxonomy":"post_tag","embeddable":true,"href":"https:\/\/vivresonreve.ch\/index.php?rest_route=%2Fwp%2Fv2%2Ftags&post=6264"}],"curies":[{"name":"wp","href":"https:\/\/api.w.org\/{rel}","templated":true}]}}