{"id":6034,"date":"2023-04-22T10:00:34","date_gmt":"2023-04-22T08:00:34","guid":{"rendered":"https:\/\/vivresonreve.ch\/?p=6034"},"modified":"2023-04-22T10:16:08","modified_gmt":"2023-04-22T08:16:08","slug":"kylian-nestola-1","status":"publish","type":"post","link":"https:\/\/vivresonreve.ch\/?p=6034","title":{"rendered":"News Kylian Nestola"},"content":{"rendered":"<p>Bonjour \u00e0 toutes et tous,<\/p>\n<p>J&rsquo;esp\u00e8re que vous allez bien.<br \/>\nComme certains le savent d\u00e9j\u00e0, plusieurs communiqu\u00e9s suivront tout au long de l&rsquo;ann\u00e9e afin de vous tenir au courant de la situation et du \u00ab background \u00bb de cette saison.<br \/>\nLundi et mardi aura lieu le premier test officiel de la saison sur le circuit d&rsquo;Estoril. Nous avons extr\u00eamement h\u00e2te d&rsquo;y aller, car les derniers entra\u00eenements ont \u00e9t\u00e9 plus que positif malgr\u00e9 les deux mois de pr\u00e9paration hivernal loup\u00e9 due \u00e0 une blessure (rupture de la syndesmose et arrachement osseux \u00e0 la cheville).<br \/>\nLes r\u00e9sultats de ce test ne vous seront pas annonc\u00e9s, car il est tr\u00e8s dur de se positionner comme aucun pilote ne partage ces data.<br \/>\nSuite \u00e0 cela, aura lieu la premi\u00e8re course sur le m\u00eame circuit le 7 mai.<br \/>\nC&rsquo;est avec plaisir que je vous annonce que la saison 2023 commence enfin !<\/p>\n<p>Kylian Nestola pilote moto<\/p>\n<p>Ci-dessous le programme 2023. Cliquez pour agrandir<\/p>\n<p><a href=\"https:\/\/vivresonreve.ch\/wp-content\/uploads\/2023\/04\/KILIAN.jpg\"><img loading=\"lazy\" decoding=\"async\" class=\"alignnone  wp-image-6035\" src=\"https:\/\/vivresonreve.ch\/wp-content\/uploads\/2023\/04\/KILIAN-300x231.jpg\" alt=\"\" width=\"336\" height=\"259\" \/><\/a><\/p>\n","protected":false},"excerpt":{"rendered":"<p>Bonjour \u00e0 toutes et tous, J&rsquo;esp\u00e8re que vous allez bien. Comme certains le savent d\u00e9j\u00e0, plusieurs communiqu\u00e9s suivront tout au long de l&rsquo;ann\u00e9e afin de vous tenir au courant de la situation et du \u00ab background \u00bb de cette saison. Lundi et mardi aura lieu le premier test officiel de la saison sur le circuit [&hellip;]<\/p>\n","protected":false},"author":2,"featured_media":0,"comment_status":"open","ping_status":"open","sticky":true,"template":"","format":"standard","meta":{"_et_pb_use_builder":"","_et_pb_old_content":"","_et_gb_content_width":"","footnotes":""},"categories":[11,71,15],"tags":[],"class_list":["post-6034","post","type-post","status-publish","format-standard","hentry","category-association","category-kylian-nestola-1","category-sport"],"_links":{"self":[{"href":"https:\/\/vivresonreve.ch\/index.php?rest_route=\/wp\/v2\/posts\/6034","targetHints":{"allow":["GET"]}}],"collection":[{"href":"https:\/\/vivresonreve.ch\/index.php?rest_route=\/wp\/v2\/posts"}],"about":[{"href":"https:\/\/vivresonreve.ch\/index.php?rest_route=\/wp\/v2\/types\/post"}],"author":[{"embeddable":true,"href":"https:\/\/vivresonreve.ch\/index.php?rest_route=\/wp\/v2\/users\/2"}],"replies":[{"embeddable":true,"href":"https:\/\/vivresonreve.ch\/index.php?rest_route=%2Fwp%2Fv2%2Fcomments&post=6034"}],"version-history":[{"count":2,"href":"https:\/\/vivresonreve.ch\/index.php?rest_route=\/wp\/v2\/posts\/6034\/revisions"}],"predecessor-version":[{"id":6037,"href":"https:\/\/vivresonreve.ch\/index.php?rest_route=\/wp\/v2\/posts\/6034\/revisions\/6037"}],"wp:attachment":[{"href":"https:\/\/vivresonreve.ch\/index.php?rest_route=%2Fwp%2Fv2%2Fmedia&parent=6034"}],"wp:term":[{"taxonomy":"category","embeddable":true,"href":"https:\/\/vivresonreve.ch\/index.php?rest_route=%2Fwp%2Fv2%2Fcategories&post=6034"},{"taxonomy":"post_tag","embeddable":true,"href":"https:\/\/vivresonreve.ch\/index.php?rest_route=%2Fwp%2Fv2%2Ftags&post=6034"}],"curies":[{"name":"wp","href":"https:\/\/api.w.org\/{rel}","templated":true}]}}