{"id":5805,"date":"2023-03-31T08:31:28","date_gmt":"2023-03-31T08:31:28","guid":{"rendered":"https:\/\/vivresonreve.ch\/?p=5805"},"modified":"2023-03-31T08:32:52","modified_gmt":"2023-03-31T08:32:52","slug":"news-arnaud-boisset-7","status":"publish","type":"post","link":"https:\/\/vivresonreve.ch\/?p=5805","title":{"rendered":"News Arnaud Boisset"},"content":{"rendered":"<p>Le sacre pour Justin Murisier \u00e0 la maison. Le Bagnard est devenu Champion suisse de descente ce vendredi \u00e0 Verbier sur un trac\u00e9 raccourci. Il a devanc\u00e9 le Martignerain Arnaud Boisset et le Vaudois Ga\u00ebl Zulauf. Un coureur exp\u00e9riment\u00e9, deux athl\u00e8tes issus de la rel\u00e8ve, voil\u00e0 le podium de cette course de Verbier<\/p>\n","protected":false},"excerpt":{"rendered":"<p>Le sacre pour Justin Murisier \u00e0 la maison. Le Bagnard est devenu Champion suisse de descente ce vendredi \u00e0 Verbier sur un trac\u00e9 raccourci. Il a devanc\u00e9 le Martignerain Arnaud Boisset et le Vaudois Ga\u00ebl Zulauf. Un coureur exp\u00e9riment\u00e9, deux athl\u00e8tes issus de la rel\u00e8ve, voil\u00e0 le podium de cette course de Verbier<\/p>\n","protected":false},"author":2,"featured_media":0,"comment_status":"open","ping_status":"open","sticky":true,"template":"","format":"standard","meta":{"_et_pb_use_builder":"","_et_pb_old_content":"","_et_gb_content_width":"","footnotes":""},"categories":[30,11],"tags":[],"class_list":["post-5805","post","type-post","status-publish","format-standard","hentry","category-arnaud-boisset","category-association"],"_links":{"self":[{"href":"https:\/\/vivresonreve.ch\/index.php?rest_route=\/wp\/v2\/posts\/5805","targetHints":{"allow":["GET"]}}],"collection":[{"href":"https:\/\/vivresonreve.ch\/index.php?rest_route=\/wp\/v2\/posts"}],"about":[{"href":"https:\/\/vivresonreve.ch\/index.php?rest_route=\/wp\/v2\/types\/post"}],"author":[{"embeddable":true,"href":"https:\/\/vivresonreve.ch\/index.php?rest_route=\/wp\/v2\/users\/2"}],"replies":[{"embeddable":true,"href":"https:\/\/vivresonreve.ch\/index.php?rest_route=%2Fwp%2Fv2%2Fcomments&post=5805"}],"version-history":[{"count":1,"href":"https:\/\/vivresonreve.ch\/index.php?rest_route=\/wp\/v2\/posts\/5805\/revisions"}],"predecessor-version":[{"id":5806,"href":"https:\/\/vivresonreve.ch\/index.php?rest_route=\/wp\/v2\/posts\/5805\/revisions\/5806"}],"wp:attachment":[{"href":"https:\/\/vivresonreve.ch\/index.php?rest_route=%2Fwp%2Fv2%2Fmedia&parent=5805"}],"wp:term":[{"taxonomy":"category","embeddable":true,"href":"https:\/\/vivresonreve.ch\/index.php?rest_route=%2Fwp%2Fv2%2Fcategories&post=5805"},{"taxonomy":"post_tag","embeddable":true,"href":"https:\/\/vivresonreve.ch\/index.php?rest_route=%2Fwp%2Fv2%2Ftags&post=5805"}],"curies":[{"name":"wp","href":"https:\/\/api.w.org\/{rel}","templated":true}]}}