{"id":5779,"date":"2023-03-11T13:32:49","date_gmt":"2023-03-11T13:32:49","guid":{"rendered":"https:\/\/vivresonreve.ch\/?p=5779"},"modified":"2023-03-11T13:36:35","modified_gmt":"2023-03-11T13:36:35","slug":"news-alanis-siffert","status":"publish","type":"post","link":"https:\/\/vivresonreve.ch\/?p=5779","title":{"rendered":"News Alanis Siffert"},"content":{"rendered":"<p>[et_pb_section fb_built=\u00a0\u00bb1&Prime; _builder_version=\u00a0\u00bb3.22&Prime; global_colors_info=\u00a0\u00bb{}\u00a0\u00bb][et_pb_row _builder_version=\u00a0\u00bb3.25&Prime; background_size=\u00a0\u00bbinitial\u00a0\u00bb background_position=\u00a0\u00bbtop_left\u00a0\u00bb background_repeat=\u00a0\u00bbrepeat\u00a0\u00bb global_colors_info=\u00a0\u00bb{}\u00a0\u00bb][et_pb_column type=\u00a0\u00bb4_4&Prime; _builder_version=\u00a0\u00bb3.25&Prime; custom_padding=\u00a0\u00bb|||\u00a0\u00bb global_colors_info=\u00a0\u00bb{}\u00a0\u00bb custom_padding__hover=\u00a0\u00bb|||\u00a0\u00bb][et_pb_image src=\u00a0\u00bbhttps:\/\/vivresonreve.ch\/wp-content\/uploads\/2023\/03\/1.png\u00a0\u00bb title_text=\u00a0\u00bb1&Prime; _builder_version=\u00a0\u00bb4.14.8&Prime; _module_preset=\u00a0\u00bbdefault\u00a0\u00bb global_colors_info=\u00a0\u00bb{}\u00a0\u00bb][\/et_pb_image][et_pb_image src=\u00a0\u00bbhttps:\/\/vivresonreve.ch\/wp-content\/uploads\/2023\/03\/2-scaled.jpg\u00a0\u00bb title_text=\u00a0\u00bb2&Prime; _builder_version=\u00a0\u00bb4.14.8&Prime; _module_preset=\u00a0\u00bbdefault\u00a0\u00bb global_colors_info=\u00a0\u00bb{}\u00a0\u00bb][\/et_pb_image][et_pb_text _builder_version=\u00a0\u00bb4.14.8&Prime; background_size=\u00a0\u00bbinitial\u00a0\u00bb background_position=\u00a0\u00bbtop_left\u00a0\u00bb background_repeat=\u00a0\u00bbrepeat\u00a0\u00bb global_colors_info=\u00a0\u00bb{}\u00a0\u00bb]<\/p>\n<p>Bonjour \u00e0 tous,<\/p>\n<p>Cette ann\u00e9e 2023 a d\u00e9but\u00e9 avec un camp d\u2019entrainement au soleil. J\u2019ai pass\u00e9 six semaines \u00e0 Gran Canaria du 16 janvier au 23 f\u00e9vrier, o\u00f9 je me suis entrain\u00e9e avec mon \u00e9quipe de Trisutto. Cette bonne dynamique de groupe, me fait progresser et me tire en avant. Cela m\u2019a permis de voir o\u00f9 je me situais\u00a0: j\u2019ai remarqu\u00e9 mes progr\u00e8s g\u00e9n\u00e9raux par rapport \u00e0 l\u2019\u00e9t\u00e9 pass\u00e9, surtout mon am\u00e9lioration sur le v\u00e9lo. Ce stage d\u2019entrainement m\u2019a permis d\u2019\u00e9tablir une base solide afin d\u2019\u00eatre pr\u00eate et en forme pour cette nouvelle saison 2023 de triathlon.<\/p>\n<p><span style=\"color: #f263bd;\"><strong>Maintenant, une nouvelle aventure m\u2019attend !<\/strong><\/span><br \/>Je suis arriv\u00e9e ce dimanche 5 mars 2023 en Chine, o\u00f9 j\u2019ai retrouv\u00e9 mon coach, Brett Sutton, qui entraine actuellement l\u2019\u00e9quipe nationale chinoise de Triathlon. Un co\u00e9quipier et moi avons rejoint pour 3 mois le centre d\u2019entrainement \u00e0 Kunming, une ville situ\u00e9e au sud de la Chine, proche du Vietnam, \u00e0 1900m d\u2019altitude. Cette opportunit\u00e9 unique me permet de m\u2019entrainer dans de parfaites conditions. J\u2019avais d\u00e9j\u00e0 c\u00f4toy\u00e9 une partie des athl\u00e8tes chinois, l\u2019\u00e9t\u00e9 dernier lors d\u2019un camp \u00e0 St-Moritz. La dynamique d\u2019entrainement sera motivante: l\u2019\u00e9quipe chinoise a\u00a0de tr\u00e8s bonnes nageuses et le groupe de natation sera rapide. Pour le v\u00e9lo, m\u2019\u00e9tant bien am\u00e9lior\u00e9e les derniers mois, je pourrai \u00e0 mon tour les aider et pour la course \u00e0 pied les chinoise pourront me tirer en avant. Entre autres, cela sera une magnifique d\u00e9couverte humaine et culturelle.<\/p>\n<p>Pendant mon s\u00e9jour ici en Chine, je disputerai les premi\u00e8res courses de ma saison. Je prendrai part \u00e0 deux Coupes d\u2019Asie sur la distance olympique, sur le circuit de l\u2019Asian Triathlon. Au d\u00e9but du mois d\u2019avril, je participerai \u00e0 l\u2019Asia Triathlon Cup \u00e0 Dexing les 8 et 9 avril, et dans le courant du mois de mai \u00e0 l\u2019Asia Triathlon Cup de Taizhou, les 20 et 21 mai. Ce timing est parfait. Ce sera pour moi l\u2019opportunit\u00e9 d\u2019entrer dans le circuit du \u00ab World Triathlon \u00bb afin d\u2019engranger de l\u2019exp\u00e9rience et de r\u00e9colter de pr\u00e9cieux points qui me permettront par la suite de participer \u00e0 des coupes du monde.<\/p>\n<p>[\/et_pb_text][\/et_pb_column][\/et_pb_row][et_pb_row column_structure=\u00a0\u00bb1_2,1_2&Prime; _builder_version=\u00a0\u00bb3.25&Prime; background_size=\u00a0\u00bbinitial\u00a0\u00bb background_position=\u00a0\u00bbtop_left\u00a0\u00bb background_repeat=\u00a0\u00bbrepeat\u00a0\u00bb global_colors_info=\u00a0\u00bb{}\u00a0\u00bb][et_pb_column type=\u00a0\u00bb1_2&Prime; _builder_version=\u00a0\u00bb3.25&Prime; custom_padding=\u00a0\u00bb|||\u00a0\u00bb global_colors_info=\u00a0\u00bb{}\u00a0\u00bb custom_padding__hover=\u00a0\u00bb|||\u00a0\u00bb][et_pb_image src=\u00a0\u00bbhttps:\/\/vivresonreve.ch\/wp-content\/uploads\/2023\/03\/3-scaled.jpg\u00a0\u00bb title_text=\u00a0\u00bb3&Prime; _builder_version=\u00a0\u00bb4.14.8&Prime; _module_preset=\u00a0\u00bbdefault\u00a0\u00bb global_colors_info=\u00a0\u00bb{}\u00a0\u00bb][\/et_pb_image][\/et_pb_column][et_pb_column type=\u00a0\u00bb1_2&Prime; _builder_version=\u00a0\u00bb3.25&Prime; custom_padding=\u00a0\u00bb|||\u00a0\u00bb global_colors_info=\u00a0\u00bb{}\u00a0\u00bb custom_padding__hover=\u00a0\u00bb|||\u00a0\u00bb][et_pb_image src=\u00a0\u00bbhttps:\/\/vivresonreve.ch\/wp-content\/uploads\/2023\/03\/4.jpg\u00a0\u00bb title_text=\u00a0\u00bb4&Prime; _builder_version=\u00a0\u00bb4.14.8&Prime; _module_preset=\u00a0\u00bbdefault\u00a0\u00bb global_colors_info=\u00a0\u00bb{}\u00a0\u00bb][\/et_pb_image][\/et_pb_column][\/et_pb_row][et_pb_row _builder_version=\u00a0\u00bb4.14.8&Prime; _module_preset=\u00a0\u00bbdefault\u00a0\u00bb global_colors_info=\u00a0\u00bb{}\u00a0\u00bb][et_pb_column type=\u00a0\u00bb4_4&Prime; _builder_version=\u00a0\u00bb4.14.8&Prime; _module_preset=\u00a0\u00bbdefault\u00a0\u00bb global_colors_info=\u00a0\u00bb{}\u00a0\u00bb][et_pb_text _builder_version=\u00a0\u00bb4.14.8&Prime; _module_preset=\u00a0\u00bbdefault\u00a0\u00bb global_colors_info=\u00a0\u00bb{}\u00a0\u00bb]<\/p>\n<p>Hi everyone,<\/p>\n<p>&nbsp;<\/p>\n<div>\n<p>This year 2023 started with a training camp in the sun. I spent six weeks in Gran Canaria from January 16th to February 23rd, where I trained with my team from Trisutto. This good dynamic group makes me progress and pushes me forward. It allowed me to see where I was: I noticed my general progress compared to last summer, especially my improvement on the bike. This training camp allowed me to set up a solid base to be ready and in shape for this new 2023 triathlon season.<\/p>\n<p><span style=\"color: #f263bd;\"><strong>Now, a new journey awaits me!<\/strong><\/span><br \/>I arrived this Sunday, March 5, 2023 in China, where I am joining my coach, Brett Sutton, who is currently coaching the Chinese National Triathlon Team. A teammate and I have reached the training center in Kunming, a city located in the south of China, close to Vietnam, at 1900m high, for 3 months. This unique opportunity allows me to train in perfect conditions. I had already met some of these chinese athletes last summer during a camp in St-Moritz. The training dynamics will be motivating: the Chinese team has very good swimmers and the swimming group will be fast.\u00a0For the bike, having improved myself a lot in the last months, I will be able to help them and for the run, the Chinese will be able to pull me forward.\u00a0 Among other things, it will be a great human and cultural discovery.<\/p>\n<p>During my stay in China, I will compete in the first races of my season. I will take part in two Asian Cups on the Olympic distance, on the Asian Triathlon circuit. At the beginning of April, I will participate in the Asia Triathlon Cup in Dexing on April 8 and 9, and in May in the Asia Triathlon Cup in Taizhou, on May 20 and 21. The timing is perfect. It will be for me the opportunity to enter the \u00ab\u00a0World Triathlon\u00a0\u00bb circuit in order to gain experience and collect precious points that will allow me to participate in World Cups.<\/p>\n<\/div>\n<p>[\/et_pb_text][et_pb_image src=\u00a0\u00bbhttps:\/\/vivresonreve.ch\/wp-content\/uploads\/2023\/03\/5.png\u00a0\u00bb title_text=\u00a0\u00bb5&Prime; align=\u00a0\u00bbcenter\u00a0\u00bb _builder_version=\u00a0\u00bb4.14.8&Prime; _module_preset=\u00a0\u00bbdefault\u00a0\u00bb global_colors_info=\u00a0\u00bb{}\u00a0\u00bb][\/et_pb_image][\/et_pb_column][\/et_pb_row][\/et_pb_section]<\/p>\n","protected":false},"excerpt":{"rendered":"<p>Bonjour \u00e0 tous, Cette ann\u00e9e 2023 a d\u00e9but\u00e9 avec un camp d\u2019entrainement au soleil. J\u2019ai pass\u00e9 six semaines \u00e0 Gran Canaria du 16 janvier au 23 f\u00e9vrier, o\u00f9 je me suis entrain\u00e9e avec mon \u00e9quipe de Trisutto. Cette bonne dynamique de groupe, me fait progresser et me tire en avant. Cela m\u2019a permis de voir [&hellip;]<\/p>\n","protected":false},"author":2,"featured_media":0,"comment_status":"open","ping_status":"open","sticky":true,"template":"","format":"standard","meta":{"_et_pb_use_builder":"on","_et_pb_old_content":"<p>\u00a0<\/p><p>Bonjour \u00e0 tous,<br \/><br \/>Cette ann\u00e9e 2023 a d\u00e9but\u00e9 avec un camp d\u2019entrainement au soleil. J\u2019ai pass\u00e9 six semaines \u00e0 Gran Canaria du 16 janvier au 23 f\u00e9vrier, o\u00f9 je me suis entrain\u00e9e avec mon \u00e9quipe de Trisutto. Cette bonne dynamique de groupe, me fait progresser et me tire en avant. Cela m\u2019a permis de voir o\u00f9 je me situais\u00a0: j\u2019ai remarqu\u00e9 mes progr\u00e8s g\u00e9n\u00e9raux par rapport \u00e0 l\u2019\u00e9t\u00e9 pass\u00e9, surtout mon am\u00e9lioration sur le v\u00e9lo. Ce stage d\u2019entrainement m\u2019a permis d\u2019\u00e9tablir une base solide afin d\u2019\u00eatre pr\u00eate et en forme pour cette nouvelle saison 2023 de triathlon.<br \/><br \/><strong>Maintenant, une nouvelle aventure m\u2019attend !<\/strong><br \/>Je suis arriv\u00e9e ce dimanche 5 mars 2023 en Chine, o\u00f9 j\u2019ai retrouv\u00e9 mon coach, Brett Sutton, qui entraine actuellement l\u2019\u00e9quipe nationale chinoise de Triathlon. Un co\u00e9quipier et moi avons rejoint pour 3 mois le centre d\u2019entrainement \u00e0 Kunming, une ville situ\u00e9e au sud de la Chine, proche du Vietnam, \u00e0 1900m d\u2019altitude. Cette opportunit\u00e9 unique me permet de m\u2019entrainer dans de parfaites conditions. J\u2019avais d\u00e9j\u00e0 c\u00f4toy\u00e9 une partie des athl\u00e8tes chinois, l\u2019\u00e9t\u00e9 dernier lors d\u2019un camp \u00e0 St-Moritz. La dynamique d\u2019entrainement sera motivante: l\u2019\u00e9quipe chinoise a\u00a0de tr\u00e8s bonnes nageuses et le groupe de natation sera rapide. Pour le v\u00e9lo, m\u2019\u00e9tant bien am\u00e9lior\u00e9e les derniers mois, je pourrai \u00e0 mon tour les aider et pour la course \u00e0 pied les chinoise pourront me tirer en avant. Entre autres, cela sera une magnifique d\u00e9couverte humaine et culturelle.<br \/><br \/>Pendant mon s\u00e9jour ici en Chine, je disputerai les premi\u00e8res courses de ma saison. Je prendrai part \u00e0 deux Coupes d\u2019Asie sur la distance olympique, sur le circuit de l\u2019Asian Triathlon. Au d\u00e9but du mois d\u2019avril, je participerai \u00e0 l\u2019Asia Triathlon Cup \u00e0 Dexing les 8 et 9 avril, et dans le courant du mois de mai \u00e0 l\u2019Asia Triathlon Cup de Taizhou, les 20 et 21 mai. Ce timing est parfait. Ce sera pour moi l\u2019opportunit\u00e9 d\u2019entrer dans le circuit du \u00ab World Triathlon \u00bb afin d\u2019engranger de l\u2019exp\u00e9rience et de r\u00e9colter de pr\u00e9cieux points qui me permettront par la suite de participer \u00e0 des coupes du monde.<\/p><p>\u00a0<\/p><p>Hi everyone,<\/p><div>This year 2023 started with a training camp in the sun. I spent six weeks in Gran Canaria from January 16th to February 23rd, where I trained with my team from Trisutto. This good dynamic group makes me progress and pushes me forward. It allowed me to see where I was: I noticed my general progress compared to last summer, especially my improvement on the bike. This training camp allowed me to set up a solid base to be ready and in shape for this new 2023 triathlon season.<br \/><br \/><strong>Now, a new journey awaits me!<\/strong><br \/>I arrived this Sunday, March 5, 2023 in China, where I am joining my coach, Brett Sutton, who is currently coaching the Chinese National Triathlon Team. A teammate and I have reached the training center in Kunming, a city located in the south of China, close to Vietnam, at 1900m high, for 3 months. This unique opportunity allows me to train in perfect conditions. I had already met some of these chinese athletes last summer during a camp in St-Moritz. The training dynamics will be motivating: the Chinese team has very good swimmers and the swimming group will be fast.\u00a0For the bike, having improved myself a lot in the last months, I will be able to help them and for the run, the Chinese will be able to pull me forward.\u00a0 Among other things, it will be a great human and cultural discovery.<br \/><br \/>During my stay in China, I will compete in the first races of my season. I will take part in two Asian Cups on the Olympic distance, on the Asian Triathlon circuit. At the beginning of April, I will participate in the Asia Triathlon Cup in Dexing on April 8 and 9, and in May in the Asia Triathlon Cup in Taizhou, on May 20 and 21. The timing is perfect. It will be for me the opportunity to enter the \"World Triathlon\" circuit in order to gain experience and collect precious points that will allow me to participate in World Cups.<\/div><p><a href=\"http:\/\/vivresonreve.ch\/wp-content\/uploads\/2023\/03\/5.png\"><img class=\"aligncenter size-full wp-image-5784\" src=\"http:\/\/vivresonreve.ch\/wp-content\/uploads\/2023\/03\/5.png\" alt=\"\" width=\"150\" height=\"75\" \/><\/a><\/p>","_et_gb_content_width":"","footnotes":""},"categories":[11],"tags":[],"class_list":["post-5779","post","type-post","status-publish","format-standard","hentry","category-association"],"_links":{"self":[{"href":"https:\/\/vivresonreve.ch\/index.php?rest_route=\/wp\/v2\/posts\/5779","targetHints":{"allow":["GET"]}}],"collection":[{"href":"https:\/\/vivresonreve.ch\/index.php?rest_route=\/wp\/v2\/posts"}],"about":[{"href":"https:\/\/vivresonreve.ch\/index.php?rest_route=\/wp\/v2\/types\/post"}],"author":[{"embeddable":true,"href":"https:\/\/vivresonreve.ch\/index.php?rest_route=\/wp\/v2\/users\/2"}],"replies":[{"embeddable":true,"href":"https:\/\/vivresonreve.ch\/index.php?rest_route=%2Fwp%2Fv2%2Fcomments&post=5779"}],"version-history":[{"count":6,"href":"https:\/\/vivresonreve.ch\/index.php?rest_route=\/wp\/v2\/posts\/5779\/revisions"}],"predecessor-version":[{"id":5792,"href":"https:\/\/vivresonreve.ch\/index.php?rest_route=\/wp\/v2\/posts\/5779\/revisions\/5792"}],"wp:attachment":[{"href":"https:\/\/vivresonreve.ch\/index.php?rest_route=%2Fwp%2Fv2%2Fmedia&parent=5779"}],"wp:term":[{"taxonomy":"category","embeddable":true,"href":"https:\/\/vivresonreve.ch\/index.php?rest_route=%2Fwp%2Fv2%2Fcategories&post=5779"},{"taxonomy":"post_tag","embeddable":true,"href":"https:\/\/vivresonreve.ch\/index.php?rest_route=%2Fwp%2Fv2%2Ftags&post=5779"}],"curies":[{"name":"wp","href":"https:\/\/api.w.org\/{rel}","templated":true}]}}