{"id":5772,"date":"2023-02-21T08:59:27","date_gmt":"2023-02-21T08:59:27","guid":{"rendered":"https:\/\/vivresonreve.ch\/?p=5772"},"modified":"2023-02-21T09:00:30","modified_gmt":"2023-02-21T09:00:30","slug":"news-arnaud-boisset-5","status":"publish","type":"post","link":"https:\/\/vivresonreve.ch\/?p=5772","title":{"rendered":"News Arnaud Boisset"},"content":{"rendered":"<p>Hello tout le monde,<\/p>\n<p>Tout s\u2019est d\u00e9roul\u00e9 \u00e0 la perfection \u00e0 Garmisch-Partenkirchen ; le premier jour, je termine 2\u1d49 \u00e0 6 centi\u00e8mes d&rsquo;une course remport\u00e9e par l&rsquo;Italien Florian Schieder (2\u1d49 \u00e0 Kitzb\u00fcehl, 7\u1d49 de la descente des championnats du monde et actuel 12\u1d49 du classement de la descente en coupe du monde). Suite \u00e0 l&rsquo;analyse vid\u00e9o, je savais qu&rsquo;il \u00e9tait possible de gagner du temps en gommant mes quelques erreurs. Le lendemain fut une journ\u00e9e parfait pour moi, j&rsquo;ai remport\u00e9 ma premi\u00e8re course coupe d&rsquo;Europe en devan\u00e7ant cette fois Schieder mais aussi Innerhofer (double m\u00e9daill\u00e9 olympique, triple m\u00e9daill\u00e9 mondial et 18 podiums en coupe du monde). Gr\u00e2ce \u00e0 ce succ\u00e8s, je prends les commandes du classement de la discipline en coupe d&rsquo;Europe alors qu&rsquo;il ne reste plus qu&rsquo;une seule course de super-G.<\/p>\n<p>Pour rappel, terminer dans les 3 premiers du classement de la discipline assure une place fixe nominative en coupe du monde pour la saison prochaine. Gr\u00e2ce \u00e0 mon avance confortable sur le 5\u1d49 et le fait que Schieder ne pourra pas \u00eatre pr\u00e9sent au dernier super-G (les finales coupe du monde se d\u00e9roulant en m\u00eame temps), une 28\u1d49 place \u00e0 la derni\u00e8re course m&rsquo;assurerait d\u00e9finitivement ce pr\u00e9cieux s\u00e9same pour la coupe du monde.<\/p>\n<p>Il est bien clair que je vais tout donner dans le dernier super-G qui se courra \u00e0 Narvik (Norv\u00e8ge) dans le cadre des finales de Coupe d\u2019Europe. Mais je vais d\u00e9sormais accorder une large place \u00e0 la pr\u00e9paration de la saison prochaine. Je souhaite notamment consacrer beaucoup de temps \u00e0 la descente : il y a quelques d\u00e9tails qu\u2019il me faut am\u00e9liorer, car je ne suis pas vraiment satisfait de mon ski. En effet, puisque je devrais \u00eatre pr\u00e9sent sur tous les d\u00e9placements de Coupe du monde en super-G l\u2019hiver prochain et que ces \u00e9preuves sont souvent coupl\u00e9es avec des descentes, je vais certainement avoir la possibilit\u00e9 de participer parall\u00e8lement \u00e0 de nombreux entra\u00eenements de descente. Cela pourrait me donner l\u2019opportunit\u00e9 de prendre &#8211; pourquoi pas ? &#8211; des d\u00e9parts dans une deuxi\u00e8me discipline\u2026<\/p>\n<p><a href=\"https:\/\/vivresonreve.ch\/wp-content\/uploads\/2023\/02\/unnamed-1.jpg\"><img loading=\"lazy\" decoding=\"async\" class=\"aligncenter size-medium wp-image-5773\" src=\"https:\/\/vivresonreve.ch\/wp-content\/uploads\/2023\/02\/unnamed-1-300x200.jpg\" alt=\"\" width=\"300\" height=\"200\" \/><\/a><\/p>\n<p>Voici une s\u00e9rie d&rsquo;articles et d&rsquo;interview suite aux r\u00e9sultats de la semaine pass\u00e9e:<\/p>\n<p>Le Nouvelliste<br \/>\n<a href=\"https:\/\/www.lenouvelliste.ch\/valais\/bas-valais\/martigny-district\/martigny-commune\/ski-alpin-le-martignerain-arnaud-boisset-fonce-vers-la-coupe-du-monde-de-super-g-1263795\">https:\/\/www.lenouvelliste.ch\/valais\/bas-valais\/martigny-district\/martigny-commune\/ski-alpin-le-martignerain-arnaud-boisset-fonce-vers-la-coupe-du-monde-de-super-g-1263795<\/a><\/p>\n<p>Rh\u00f4ne FM<br \/>\n<a href=\"https:\/\/www.rhonefm.ch\/actualites\/le-martignerain-arnaud-boisset-decroche-sa-premiere-victoire-en-coupe-deurope\">https:\/\/www.rhonefm.ch\/actualites\/le-martignerain-arnaud-boisset-decroche-sa-premiere-victoire-en-coupe-deurope<\/a><\/p>\n<p>Canal 9<br \/>\n\u00c0 partir de 19:50 https:\/\/canal9.ch\/fr\/mercredi-15-02-2023\/<\/p>\n<p>Interview \u00e0 chaud apr\u00e8s la course<br \/>\n<a href=\"https:\/\/www.youtube.com\/watch?v=Ej2K-BLsYsE&amp;ab_channel=UrsiTooski\">https:\/\/www.youtube.com\/watch?v=Ej2K-BLsYsE&amp;ab_channel=UrsiTooski<\/a><\/p>\n<p>Ski actu<br \/>\n<a href=\"https:\/\/skiactu.ch\/arnaud-boisset-cetait-magique\/\">https:\/\/skiactu.ch\/arnaud-boisset-cetait-magique\/<\/a><\/p>\n<p>Blick.ch<br \/>\n<a href=\"https:\/\/www.blick.ch\/sport\/ski\/bei-schweizer-festspielen-boisset-feiert-siegpremiere-im-europacup-id18320421.html\">https:\/\/www.blick.ch\/sport\/ski\/bei-schweizer-festspielen-boisset-feiert-siegpremiere-im-europacup-id18320421.html<\/a><\/p>\n<p>Swiss-ski<br \/>\n<a href=\"https:\/\/www.swiss-ski.ch\/fr\/newsroom\/news\/un-premier-succes-pour-arnaud-boisset\/\">https:\/\/www.swiss-ski.ch\/fr\/newsroom\/news\/un-premier-succes-pour-arnaud-boisset\/<\/a><\/p>\n<p>We love snow<br \/>\n<a href=\"https:\/\/welovesnow.news.raiffeisen.ch\/skialpin\/1081494\/boisset-jubelt-ueber-ersten-europacup-sieg-und-fuehrt-starkes-schweizer-team-ergebnis-an\">https:\/\/welovesnow.news.raiffeisen.ch\/skialpin\/1081494\/boisset-jubelt-ueber-ersten-europacup-sieg-und-fuehrt-starkes-schweizer-team-ergebnis-an<\/a><\/p>\n<p>Tooski<br \/>\n<a href=\"https:\/\/www.tooski.ch\/actu\/2023\/02\/15\/premiere-victoire-darnaud-boisset-en-coupe-deurope\/\">https:\/\/www.tooski.ch\/actu\/2023\/02\/15\/premiere-victoire-darnaud-boisset-en-coupe-deurope\/<\/a><\/p>\n<p>Je profite de ce mail pour vous rappeler la tenue des Championnats suisses \u00e9lite \u00e0 Verbier du 25 au 31 mars 2023. Cet \u00e9v\u00e9nement, organis\u00e9 par mon ski-club sur les pistes o\u00f9 j&rsquo;ai appris \u00e0 skier, me tient particuli\u00e8rement \u00e0 c\u0153ur. Je vais m&rsquo;aligner sur toutes les disciplines, mais je vise des m\u00e9dailles, surtout le mercredi 29 mars lors de la descente et le vendredi 31 mars lors du super-G.<\/p>\n<p>Vous trouverez sous ce lien toutes les informations n\u00e9cessaires: https:\/\/vsb2023.ch\/fr\/<\/p>\n<p>C&rsquo;est l&rsquo;occasion de voir les meilleurs skieurs du monde de plus pr\u00e8s et dans un cadre plus d\u00e9contract\u00e9 qu&rsquo;en coupe du monde. Des packs VIP sont disponibles pour une exp\u00e9rience unique au plus proche des athl\u00e8tes https:\/\/vsb2023.ch\/fr\/vip\/<\/p>\n<p>Pour toutes questions, je reste \u00e0 disposition, au plaisir de vous croiser \u00e0 Verbier ou Bruson!<\/p>\n<p>Merci pour votre soutien!<\/p>\n<p>Site web: <a href=\"https:\/\/arnaudboisset.com\/\">https:\/\/arnaudboisset.com\/<\/a><\/p>\n<p>Blog: <a href=\"https:\/\/www.tooski.ch\/blogs\/arnaud-boisset\/\">https:\/\/www.tooski.ch\/blogs\/arnaud-boisset\/<\/a><\/p>\n<p>\u00ab\u00a0Cuv\u00e9e de soutien\u00a0\u00bb:<\/p>\n<p>Fendant de Martigny (m\u00e9daille d&rsquo;or au mondial du chasselas 2021) \u00e0 CHF 20.-<br \/>\nJohannisberg de Chamoson (s\u00e9lection Or des vins du Valais 2021) \u00e0 CHF 23.-<\/p>\n<p>Gamay de Martigny \u00e0 CHF 20.-<br \/>\nPinot noir de Chamoson \u00e0 CHF 23.-<br \/>\nHumagne rouge \u00e0 CHF 25.-<\/p>\n<p>Meilleures salutations sportives.<\/p>\n<p>Arnaud Boisset<\/p>\n","protected":false},"excerpt":{"rendered":"<p>Hello tout le monde, Tout s\u2019est d\u00e9roul\u00e9 \u00e0 la perfection \u00e0 Garmisch-Partenkirchen ; le premier jour, je termine 2\u1d49 \u00e0 6 centi\u00e8mes d&rsquo;une course remport\u00e9e par l&rsquo;Italien Florian Schieder (2\u1d49 \u00e0 Kitzb\u00fcehl, 7\u1d49 de la descente des championnats du monde et actuel 12\u1d49 du classement de la descente en coupe du monde). Suite \u00e0 l&rsquo;analyse [&hellip;]<\/p>\n","protected":false},"author":2,"featured_media":0,"comment_status":"open","ping_status":"open","sticky":false,"template":"","format":"standard","meta":{"_et_pb_use_builder":"","_et_pb_old_content":"","_et_gb_content_width":"","footnotes":""},"categories":[30,11],"tags":[],"class_list":["post-5772","post","type-post","status-publish","format-standard","hentry","category-arnaud-boisset","category-association"],"_links":{"self":[{"href":"https:\/\/vivresonreve.ch\/index.php?rest_route=\/wp\/v2\/posts\/5772","targetHints":{"allow":["GET"]}}],"collection":[{"href":"https:\/\/vivresonreve.ch\/index.php?rest_route=\/wp\/v2\/posts"}],"about":[{"href":"https:\/\/vivresonreve.ch\/index.php?rest_route=\/wp\/v2\/types\/post"}],"author":[{"embeddable":true,"href":"https:\/\/vivresonreve.ch\/index.php?rest_route=\/wp\/v2\/users\/2"}],"replies":[{"embeddable":true,"href":"https:\/\/vivresonreve.ch\/index.php?rest_route=%2Fwp%2Fv2%2Fcomments&post=5772"}],"version-history":[{"count":3,"href":"https:\/\/vivresonreve.ch\/index.php?rest_route=\/wp\/v2\/posts\/5772\/revisions"}],"predecessor-version":[{"id":5776,"href":"https:\/\/vivresonreve.ch\/index.php?rest_route=\/wp\/v2\/posts\/5772\/revisions\/5776"}],"wp:attachment":[{"href":"https:\/\/vivresonreve.ch\/index.php?rest_route=%2Fwp%2Fv2%2Fmedia&parent=5772"}],"wp:term":[{"taxonomy":"category","embeddable":true,"href":"https:\/\/vivresonreve.ch\/index.php?rest_route=%2Fwp%2Fv2%2Fcategories&post=5772"},{"taxonomy":"post_tag","embeddable":true,"href":"https:\/\/vivresonreve.ch\/index.php?rest_route=%2Fwp%2Fv2%2Ftags&post=5772"}],"curies":[{"name":"wp","href":"https:\/\/api.w.org\/{rel}","templated":true}]}}