{"id":5704,"date":"2023-02-08T21:03:31","date_gmt":"2023-02-08T21:03:31","guid":{"rendered":"https:\/\/vivresonreve.ch\/?p=5704"},"modified":"2023-02-08T21:03:50","modified_gmt":"2023-02-08T21:03:50","slug":"news-arnaud-boisset-4","status":"publish","type":"post","link":"https:\/\/vivresonreve.ch\/?p=5704","title":{"rendered":"News Arnaud Boisset"},"content":{"rendered":"<p>Hello tout le monde,<\/p>\n<p>Mon d\u00e9placement du c\u00f4t\u00e9 d&rsquo;Orci\u00e8res Merlette s&rsquo;est av\u00e9r\u00e9 tr\u00e8s fructifiant! Lors de la premi\u00e8re descente, j&rsquo;ai r\u00e9alis\u00e9 ma meilleure performance depuis 2 ans dans la discipline avec une 11\u1d49 place \u00e0 moins de 8 dixi\u00e8mes du vainqueur. Apr\u00e8s les deux journ\u00e9es d\u2019entra\u00eenement et les deux descentes d\u2019une minute trente, j\u2019\u00e9tais d\u00e9j\u00e0 bien entam\u00e9, surtout nerveusement.<\/p>\n<p>Le lendemain, j\u2019ai pris le d\u00e9part du premier super-G en mode attaque. Sur les skis, j\u2019ai vraiment r\u00e9ussi \u00e0 faire ce que je voulais. Par rapport \u00e0 la descente, j\u2019\u00e9tais beaucoup plus \u00e0 l\u2019aise ; j\u2019ai ski\u00e9 intelligemment les passages cl\u00e9s de la piste. Sur la ligne d\u2019arriv\u00e9e, avant m\u00eame de voir mon temps, j\u2019\u00e9tais super satisfait de ma prestation et j&rsquo;ai pris beaucoup de plaisir. Par la suite, j\u2019ai vu que j\u2019\u00e9tais deuxi\u00e8me. Comme je portais le dossard 13, les favoris \u00e9taient d\u00e9j\u00e0 descendus, ce qui m\u2019assurait d\u00e9j\u00e0 un bon classement. Je suis pourtant rest\u00e9 tr\u00e8s tendu jusqu\u2019\u00e0 la fin de la course, car l\u2019\u00e9cart me s\u00e9parant du premier \u00e9tait assez important. Au bout du compte, seul un Autrichien est venu s\u2019intercaler, j\u2019ai donc fini troisi\u00e8me. Franchement, c\u2019\u00e9tait trop beau : cela faisait un certain temps que je produisais du bon ski, mais que les r\u00e9sultats ne suivaient pas assez \u00e0 mon go\u00fbt. C\u2019est la preuve que je suis de retour. Partager le podium avec Gilles Roulin qui venait de finir 16\u1d49 et 17\u1d49 des super-G coupe du monde de Cortina \u00e9tait g\u00e9nial. Ce podium m&rsquo;a vraiment mis du baume au c\u0153ur.<\/p>\n<p>Le lendemain, c\u2019est avec le m\u00eame \u00e9tat d\u2019esprit que j\u2019ai pris le d\u00e9part du second super-G, plus rapide, un petit peu moins tournant. J&rsquo;ai produit du bon ski pour me classer finalement 6\u1d49, mais en perdant beaucoup moins de temps que la veille, ce qui m\u2019a valu de bons points FIS.<\/p>\n<p><a href=\"https:\/\/vivresonreve.ch\/wp-content\/uploads\/2023\/02\/unnamed.jpg\"><img loading=\"lazy\" decoding=\"async\" class=\"aligncenter size-medium wp-image-5705\" src=\"https:\/\/vivresonreve.ch\/wp-content\/uploads\/2023\/02\/unnamed-300x200.jpg\" alt=\"\" width=\"300\" height=\"200\" \/><\/a><\/p>\n<p>Actuellement, je suis tr\u00e8s content de moi en super-G : le ski est en place, je peux me faire plaisir ; les derniers r\u00e9sultats renforcent ma confiance et me relancent au classement g\u00e9n\u00e9ral du super-G pour viser une place fixe en Coupe du monde la saison prochaine. Mais je n\u2019y pense pas trop, je prends course apr\u00e8s course, en essayant de donner tout ce que j\u2019ai. Maintenant, je suis content d\u2019avoir deux semaines de tranquillit\u00e9. Les prochaines courses sont programm\u00e9es \u00e0 Garmisch le 14 f\u00e9vrier. Je vais donc me reposer un peu, puis retourner \u00e0 l\u2019entra\u00eenement, en esp\u00e9rant poursuivre sur ma lanc\u00e9e.<\/p>\n<p>Merci pour votre soutien!<\/p>\n<p>Site web: https:\/\/arnaudboisset.com\/<br \/>\nBlog: https:\/\/www.tooski.ch\/blogs\/arnaud-boisset\/<\/p>\n<p>\u00ab\u00a0Cuv\u00e9e de soutien\u00a0\u00bb:<\/p>\n<p>Fendant de Martigny (m\u00e9daille d&rsquo;or au mondial du chasselas 2021) \u00e0 CHF 20.-<br \/>\nJohannisberg de Chamoson (s\u00e9lection Or des vins du Valais 2021) \u00e0 CHF 23.-<\/p>\n<p>Gamay de Martigny \u00e0 CHF 20.-<br \/>\nPinot noir de Chamoson \u00e0 CHF 23.-<br \/>\nHumagne rouge \u00e0 CHF 25.-<\/p>\n<p>Meilleures salutations sportives.<\/p>\n<p>Arnaud Boisset<\/p>\n","protected":false},"excerpt":{"rendered":"<p>Hello tout le monde, Mon d\u00e9placement du c\u00f4t\u00e9 d&rsquo;Orci\u00e8res Merlette s&rsquo;est av\u00e9r\u00e9 tr\u00e8s fructifiant! Lors de la premi\u00e8re descente, j&rsquo;ai r\u00e9alis\u00e9 ma meilleure performance depuis 2 ans dans la discipline avec une 11\u1d49 place \u00e0 moins de 8 dixi\u00e8mes du vainqueur. Apr\u00e8s les deux journ\u00e9es d\u2019entra\u00eenement et les deux descentes d\u2019une minute trente, j\u2019\u00e9tais d\u00e9j\u00e0 [&hellip;]<\/p>\n","protected":false},"author":2,"featured_media":0,"comment_status":"open","ping_status":"open","sticky":true,"template":"","format":"standard","meta":{"_et_pb_use_builder":"","_et_pb_old_content":"","_et_gb_content_width":"","footnotes":""},"categories":[30,11],"tags":[],"class_list":["post-5704","post","type-post","status-publish","format-standard","hentry","category-arnaud-boisset","category-association"],"_links":{"self":[{"href":"https:\/\/vivresonreve.ch\/index.php?rest_route=\/wp\/v2\/posts\/5704","targetHints":{"allow":["GET"]}}],"collection":[{"href":"https:\/\/vivresonreve.ch\/index.php?rest_route=\/wp\/v2\/posts"}],"about":[{"href":"https:\/\/vivresonreve.ch\/index.php?rest_route=\/wp\/v2\/types\/post"}],"author":[{"embeddable":true,"href":"https:\/\/vivresonreve.ch\/index.php?rest_route=\/wp\/v2\/users\/2"}],"replies":[{"embeddable":true,"href":"https:\/\/vivresonreve.ch\/index.php?rest_route=%2Fwp%2Fv2%2Fcomments&post=5704"}],"version-history":[{"count":1,"href":"https:\/\/vivresonreve.ch\/index.php?rest_route=\/wp\/v2\/posts\/5704\/revisions"}],"predecessor-version":[{"id":5706,"href":"https:\/\/vivresonreve.ch\/index.php?rest_route=\/wp\/v2\/posts\/5704\/revisions\/5706"}],"wp:attachment":[{"href":"https:\/\/vivresonreve.ch\/index.php?rest_route=%2Fwp%2Fv2%2Fmedia&parent=5704"}],"wp:term":[{"taxonomy":"category","embeddable":true,"href":"https:\/\/vivresonreve.ch\/index.php?rest_route=%2Fwp%2Fv2%2Fcategories&post=5704"},{"taxonomy":"post_tag","embeddable":true,"href":"https:\/\/vivresonreve.ch\/index.php?rest_route=%2Fwp%2Fv2%2Ftags&post=5704"}],"curies":[{"name":"wp","href":"https:\/\/api.w.org\/{rel}","templated":true}]}}