{"id":5701,"date":"2023-01-28T13:33:12","date_gmt":"2023-01-28T13:33:12","guid":{"rendered":"https:\/\/vivresonreve.ch\/?p=5701"},"modified":"2023-01-28T13:33:41","modified_gmt":"2023-01-28T13:33:41","slug":"news-arnaud-boisset-3","status":"publish","type":"post","link":"https:\/\/vivresonreve.ch\/?p=5701","title":{"rendered":"News Arnaud Boisset"},"content":{"rendered":"<p>Hello tout le monde,<\/p>\n<p>J&rsquo;ai bien commenc\u00e9 l&rsquo;ann\u00e9e avec une 6\u00e8me et une 11\u00e8me places aux super-G Coupe d&rsquo;Europe de Wengen. Suite \u00e0 ces bons r\u00e9sultats, les entra\u00eeneurs m&rsquo;ont s\u00e9lectionn\u00e9 pour participer aux entra\u00eenements de la descente Coupe du monde de Kitzb\u00fchel! Oui, sur la mythique Streif!<\/p>\n<p>Skier \u00e0 Kitzb\u00fchel \u00e9tait un r\u00eave de gosse. D&rsquo;ailleurs, je crois que c&rsquo;est le r\u00eave de tout skieur. Avant de prendre le d\u00e9part, mes sentiments \u00e9taient partag\u00e9s : d&rsquo;un c\u00f4t\u00e9, je respecte beaucoup cette piste atypique, mais de l&rsquo;autre, je ne devais pas me laisser impressionner. Il faut vraiment s&rsquo;engager \u00e0 100% sinon c&rsquo;est la piste qui te dompte, et non le contraire. Cependant, les entra\u00eeneurs m&rsquo;ont demand\u00e9 de ne pas prendre trop de risques lors du premier entra\u00eenement, car une chute serait fatale. J&rsquo;ai donc choisi des lignes plut\u00f4t rondes et j&rsquo;ai ralli\u00e9 l&rsquo;arriv\u00e9e sain et sauf. C&rsquo;\u00e9tait un sentiment tr\u00e8s sp\u00e9cial d&rsquo;avoir pu, pour la premi\u00e8re fois, dompter la Streif. Mais qu&rsquo;est-ce que j&rsquo;\u00e9tais fier de moi\u2026<\/p>\n<p>Le deuxi\u00e8me entra\u00eenement \u00e9tait d\u00e9j\u00e0 quasiment une course pour moi, car j&rsquo;\u00e9tais en qualification avec 3 autres athl\u00e8tes pour une seule place. Il fallait donc prendre des risques, mais des risques mesur\u00e9s, surtout sur cette piste. J&rsquo;ai r\u00e9alis\u00e9 une manche compl\u00e8te, malgr\u00e9 une petite faute \u00e0 la sortie du \u00ab\u00a0Steilhang\u00a0\u00bb qui m&rsquo;a emp\u00each\u00e9 de prendre un maximum de vitesse sur le chemin. \u00c0 l&rsquo;arriv\u00e9e, j&rsquo;\u00e9tais satisfait de moi, car je n&rsquo;avais conc\u00e9d\u00e9 que 2,85 secondes aux meilleurs sur presque 2 minutes de course. Malheureusement, les autres Suisses ont \u00e9t\u00e9 encore l\u00e9g\u00e8rement plus vite. Il m&rsquo;a manqu\u00e9 25 centi\u00e8mes pour me qualifier pour la course.<\/p>\n<p>Malgr\u00e9 tout, je ne consid\u00e8re pas cette semaine comme un \u00e9chec, loin de l\u00e0. J&rsquo;ai ski\u00e9 la plus belle piste du circuit \u00e0 deux reprises et j&rsquo;ai assimil\u00e9 une exp\u00e9rience d&rsquo;exception. Le fait de vivre la course depuis les tribunes m&rsquo;a encore plus donn\u00e9 l&rsquo;envie d&rsquo;allumer, un jour, du vert dans cette aire d&rsquo;arriv\u00e9e et d&rsquo;\u00eatre f\u00eat\u00e9 comme une rockstar.<\/p>\n<p><a href=\"https:\/\/vivresonreve.ch\/wp-content\/uploads\/2023\/01\/a23-kimdt3-ab-01-2613.jpeg\"><img loading=\"lazy\" decoding=\"async\" class=\"aligncenter size-medium wp-image-5702\" src=\"https:\/\/vivresonreve.ch\/wp-content\/uploads\/2023\/01\/a23-kimdt3-ab-01-2613-300x200.jpeg\" alt=\"\" width=\"300\" height=\"200\" \/><\/a><\/p>\n<p>Cette fin de semaine, je pars \u00e0 Orci\u00e8res-Merlette, en France, pour prendre part \u00e0 2 descentes et 2 super-G coupe d&rsquo;Europe. Ces 4 courses seront d\u00e9terminantes pour obtenir encore des chances en Coupe du monde d&rsquo;ici \u00e0 la fin de la saison.<\/p>\n<p>Merci pour votre soutien!<\/p>\n<p>Site web:\u00a0<a href=\"https:\/\/nam12.safelinks.protection.outlook.com\/?url=https%3A%2F%2Farnaudboisset.com%2F&amp;data=05%7C01%7C%7C36432ca24e014f32456708dac15a0c30%7C84df9e7fe9f640afb435aaaaaaaaaaaa%7C1%7C0%7C638034889736064480%7CUnknown%7CTWFpbGZsb3d8eyJWIjoiMC4wLjAwMDAiLCJQIjoiV2luMzIiLCJBTiI6Ik1haWwiLCJXVCI6Mn0%3D%7C3000%7C%7C%7C&amp;sdata=W9Nw1uMKr84eNE3KG%2BWWuihF%2FuNA0eE7Rg9mOjh20Kk%3D&amp;reserved=0\" data-saferedirecturl=\"https:\/\/www.google.com\/url?q=https:\/\/nam12.safelinks.protection.outlook.com\/?url%3Dhttps%253A%252F%252Farnaudboisset.com%252F%26data%3D05%257C01%257C%257C36432ca24e014f32456708dac15a0c30%257C84df9e7fe9f640afb435aaaaaaaaaaaa%257C1%257C0%257C638034889736064480%257CUnknown%257CTWFpbGZsb3d8eyJWIjoiMC4wLjAwMDAiLCJQIjoiV2luMzIiLCJBTiI6Ik1haWwiLCJXVCI6Mn0%253D%257C3000%257C%257C%257C%26sdata%3DW9Nw1uMKr84eNE3KG%252BWWuihF%252FuNA0eE7Rg9mOjh20Kk%253D%26reserved%3D0&amp;source=gmail&amp;ust=1674998995112000&amp;usg=AOvVaw3pp6j9m1cwFhG4Evn4wvBu\">https:\/\/arnaudboisset.com\/<\/a><\/p>\n<p>Blog:\u00a0<a href=\"https:\/\/nam12.safelinks.protection.outlook.com\/?url=https%3A%2F%2Fwww.tooski.ch%2Fblogs%2Farnaud-boisset%2F&amp;data=05%7C01%7C%7C36432ca24e014f32456708dac15a0c30%7C84df9e7fe9f640afb435aaaaaaaaaaaa%7C1%7C0%7C638034889736064480%7CUnknown%7CTWFpbGZsb3d8eyJWIjoiMC4wLjAwMDAiLCJQIjoiV2luMzIiLCJBTiI6Ik1haWwiLCJXVCI6Mn0%3D%7C3000%7C%7C%7C&amp;sdata=%2B5Oq%2FtAwAhkmE440Atc%2BuAUrIukG4FxZo944tu6FKYw%3D&amp;reserved=0\" data-saferedirecturl=\"https:\/\/www.google.com\/url?q=https:\/\/nam12.safelinks.protection.outlook.com\/?url%3Dhttps%253A%252F%252Fwww.tooski.ch%252Fblogs%252Farnaud-boisset%252F%26data%3D05%257C01%257C%257C36432ca24e014f32456708dac15a0c30%257C84df9e7fe9f640afb435aaaaaaaaaaaa%257C1%257C0%257C638034889736064480%257CUnknown%257CTWFpbGZsb3d8eyJWIjoiMC4wLjAwMDAiLCJQIjoiV2luMzIiLCJBTiI6Ik1haWwiLCJXVCI6Mn0%253D%257C3000%257C%257C%257C%26sdata%3D%252B5Oq%252FtAwAhkmE440Atc%252BuAUrIukG4FxZo944tu6FKYw%253D%26reserved%3D0&amp;source=gmail&amp;ust=1674998995112000&amp;usg=AOvVaw3OObdmAk8g_IkiY5HK-YiS\">https:\/\/www.tooski.ch\/blogs\/arnaud-boisset\/<\/a><\/p>\n<p>&nbsp;<\/p>\n<p>\u00ab\u00a0Cuv\u00e9e de soutien\u00a0\u00bb:<\/p>\n<ul>\n<li style=\"list-style-type: none;\">\n<ul>\n<li>Fendant de Martigny (m\u00e9daille d&rsquo;or au mondial du chasselas 2021) \u00e0 CHF 20.-<\/li>\n<li>Johannisberg de Chamoson (s\u00e9lection Or des vins du Valais 2021) \u00e0 CHF 23.-<\/li>\n<li>Gamay de Martigny \u00e0 CHF 20.-<\/li>\n<li>Pinot noir de Chamoson \u00e0 CHF 23.-<\/li>\n<li>Humagne rouge \u00e0 CHF 25.-<\/li>\n<\/ul>\n<\/li>\n<\/ul>\n<ul>\n<li style=\"list-style-type: none;\"><\/li>\n<\/ul>\n<p>Meilleures salutations sportives.<\/p>\n<p>Arnaud Boisset<\/p>\n","protected":false},"excerpt":{"rendered":"<p>Hello tout le monde, J&rsquo;ai bien commenc\u00e9 l&rsquo;ann\u00e9e avec une 6\u00e8me et une 11\u00e8me places aux super-G Coupe d&rsquo;Europe de Wengen. Suite \u00e0 ces bons r\u00e9sultats, les entra\u00eeneurs m&rsquo;ont s\u00e9lectionn\u00e9 pour participer aux entra\u00eenements de la descente Coupe du monde de Kitzb\u00fchel! Oui, sur la mythique Streif! Skier \u00e0 Kitzb\u00fchel \u00e9tait un r\u00eave de gosse. [&hellip;]<\/p>\n","protected":false},"author":2,"featured_media":0,"comment_status":"open","ping_status":"open","sticky":true,"template":"","format":"standard","meta":{"_et_pb_use_builder":"","_et_pb_old_content":"","_et_gb_content_width":"","footnotes":""},"categories":[30,11],"tags":[],"class_list":["post-5701","post","type-post","status-publish","format-standard","hentry","category-arnaud-boisset","category-association"],"_links":{"self":[{"href":"https:\/\/vivresonreve.ch\/index.php?rest_route=\/wp\/v2\/posts\/5701","targetHints":{"allow":["GET"]}}],"collection":[{"href":"https:\/\/vivresonreve.ch\/index.php?rest_route=\/wp\/v2\/posts"}],"about":[{"href":"https:\/\/vivresonreve.ch\/index.php?rest_route=\/wp\/v2\/types\/post"}],"author":[{"embeddable":true,"href":"https:\/\/vivresonreve.ch\/index.php?rest_route=\/wp\/v2\/users\/2"}],"replies":[{"embeddable":true,"href":"https:\/\/vivresonreve.ch\/index.php?rest_route=%2Fwp%2Fv2%2Fcomments&post=5701"}],"version-history":[{"count":1,"href":"https:\/\/vivresonreve.ch\/index.php?rest_route=\/wp\/v2\/posts\/5701\/revisions"}],"predecessor-version":[{"id":5703,"href":"https:\/\/vivresonreve.ch\/index.php?rest_route=\/wp\/v2\/posts\/5701\/revisions\/5703"}],"wp:attachment":[{"href":"https:\/\/vivresonreve.ch\/index.php?rest_route=%2Fwp%2Fv2%2Fmedia&parent=5701"}],"wp:term":[{"taxonomy":"category","embeddable":true,"href":"https:\/\/vivresonreve.ch\/index.php?rest_route=%2Fwp%2Fv2%2Fcategories&post=5701"},{"taxonomy":"post_tag","embeddable":true,"href":"https:\/\/vivresonreve.ch\/index.php?rest_route=%2Fwp%2Fv2%2Ftags&post=5701"}],"curies":[{"name":"wp","href":"https:\/\/api.w.org\/{rel}","templated":true}]}}