{"id":5695,"date":"2022-12-11T09:10:25","date_gmt":"2022-12-11T09:10:25","guid":{"rendered":"https:\/\/vivresonreve.ch\/?p=5695"},"modified":"2022-12-11T09:13:30","modified_gmt":"2022-12-11T09:13:30","slug":"news-arnaud-boisset-2","status":"publish","type":"post","link":"https:\/\/vivresonreve.ch\/?p=5695","title":{"rendered":"News: Arnaud Boisset"},"content":{"rendered":"<p>[et_pb_section fb_built=\u00a0\u00bb1&Prime; _builder_version=\u00a0\u00bb3.22&Prime; global_colors_info=\u00a0\u00bb{}\u00a0\u00bb][et_pb_row _builder_version=\u00a0\u00bb3.25&Prime; background_size=\u00a0\u00bbinitial\u00a0\u00bb background_position=\u00a0\u00bbtop_left\u00a0\u00bb background_repeat=\u00a0\u00bbrepeat\u00a0\u00bb global_colors_info=\u00a0\u00bb{}\u00a0\u00bb][et_pb_column type=\u00a0\u00bb4_4&Prime; _builder_version=\u00a0\u00bb3.25&Prime; custom_padding=\u00a0\u00bb|||\u00a0\u00bb global_colors_info=\u00a0\u00bb{}\u00a0\u00bb custom_padding__hover=\u00a0\u00bb|||\u00a0\u00bb][et_pb_text _builder_version=\u00a0\u00bb4.14.8&Prime; background_size=\u00a0\u00bbinitial\u00a0\u00bb background_position=\u00a0\u00bbtop_left\u00a0\u00bb background_repeat=\u00a0\u00bbrepeat\u00a0\u00bb hover_enabled=\u00a0\u00bb0&Prime; global_colors_info=\u00a0\u00bb{}\u00a0\u00bb sticky_enabled=\u00a0\u00bb0&Prime;]<\/p>\n<p>Hello tout le monde,<\/p>\n<p>Entre mi-septembre et mi-octobre, nos entra\u00eenements se sont poursuivis plut\u00f4t \u00e0 Saas-Fee et plut\u00f4t en g\u00e9ant et en super-G. Petite nouveaut\u00e9, la station haut-valaisanne a construit un saut, comme vous pouvez le voir dans la vid\u00e9o (<a href=\"https:\/\/youtu.be\/98R9DmLnxEE\">https:\/\/youtu.be\/98R9DmLnxEE<\/a>).<\/p>\n<p>Mais tout monde attendait impatiemment les s\u00e9lections officielles en vue des courses de Coupe du monde de Zermatt. Les entra\u00eeneurs m\u2019ont fait part d\u2019une super nouvelle : j\u2019\u00e9tais admis aux entra\u00eenements en tant que 13e Suisse, alors qu\u2019ils avaient retenu 14 coureurs. J\u2019avais coch\u00e9 le premier des objectifs figurant sur ma liste pour cette saison. Malheureusement, moins de 24 heures apr\u00e8s, l\u2019annulation est tomb\u00e9e&#8230; Mais il faut bien reconna\u00eetre que c\u2019\u00e9tait la seule solution envisageable ; il aurait \u00e9t\u00e9 aberrant de maintenir des courses avec ce manque de neige.<\/p>\n<p>Restait la question du voyage au Canada pour les \u00e9preuves de Coupe du monde, pour lequel seules 13 places sont disponibles. J\u2019\u00e9tais donc 13e pour celles de Zermatt mais Justin Murisier avait renonc\u00e9 en raison de sa blessure au dos. Comme Justin a marqu\u00e9 des points en Coupe du monde la saison derni\u00e8re et qu\u2019il a r\u00e9ussi des r\u00e9sultats probants en vitesse, il est prioritaire, ce qui est tout \u00e0 fait normal. Si bien que je suis 14e, et donc non s\u00e9lectionn\u00e9 pour le Canada. Si les courses de Zermatt s\u2019\u00e9taient disput\u00e9es, j\u2019aurais eu l\u2019occasion de montrer mon niveau et peut-\u00eatre de grignoter quelques places dans la hi\u00e9rarchie. Mais dans l\u2019\u00e9tat actuel des choses, les entra\u00eeneurs ont pr\u00e9f\u00e9r\u00e9 se baser sur les \u00e9preuves de la saison pass\u00e9e plut\u00f4t que sur les entra\u00eenements de cet \u00e9t\u00e9. Certes, leur d\u00e9cision n\u2019est pas en ma faveur, mais elle est logique : \u00e0 mes yeux aussi, les r\u00e9sultats en course ont plus de valeur que les chronos sur glacier.<\/p>\n<p>Je vais donc rester en Europe tout le mois de novembre. Nous allons nous entra\u00eener sur neige artificielle, bien qu\u2019on ne sache pas exactement o\u00f9 ; il faut attendre qu\u2019il fasse un petit peu plus froid et que plusieurs domaines puissent \u00eatre pr\u00e9par\u00e9s, je pense \u00e0 Zinal, St. Moritz ou Davos. Je devrais donc reskier vers le 15 novembre pour le sprint final de la pr\u00e9paration. Quant \u00e0 la comp\u00e9tition, la reprise se fera fin novembre, vraisemblablement en g\u00e9ant FIS, afin de me remettre dans le rythme. Les premi\u00e8res courses importantes sont agend\u00e9es d\u00e9but d\u00e9cembre, les 6 et 7 \u00e0 Santa Caterina pour le compte de la Coupe d\u2019Europe.<\/p>\n<p>Aujourd\u2019hui, je suis donc au clair en ce qui concerne mon programme : je sais que je vais commencer par la Coupe d\u2019Europe mais j\u2019esp\u00e8re bien par la suite avoir l\u2019opportunit\u00e9 de participer \u00e0 des s\u00e9lections Coupe du monde, au moins sur la base d\u2019entra\u00eenements.<\/p>\n<p>Merci pour votre soutien!<\/p>\n<p>Site web: https:\/\/arnaudboisset.com\/<\/p>\n<p>Blog: https:\/\/www.tooski.ch\/blogs\/arnaud-boisset\/<\/p>\n<p>Gourmandise: https:\/\/arnaudboisset.com\/#soutien<\/p>\n<p>\u00ab\u00a0Cuv\u00e9e de soutien\u00a0\u00bb:<\/p>\n<p>Fendant de Martigny (m\u00e9daille d&rsquo;or au mondial du chasselas 2021) \u00e0 CHF 20.-<br \/>Johannisberg de Chamoson (s\u00e9lection Or des vins du Valais 2021) \u00e0 CHF 23.-<\/p>\n<p>Gamay de Martigny \u00e0 CHF 20.-<br \/>Pinot noir de Chamoson \u00e0 CHF 23.-<br \/>Humagne rouge \u00e0 CHF 25.-<\/p>\n<p>Meilleures salutations sportives.<\/p>\n<p>Arnaud Boisset<\/p>\n<p>[\/et_pb_text][\/et_pb_column][\/et_pb_row][\/et_pb_section]<\/p>\n","protected":false},"excerpt":{"rendered":"<p>Hello tout le monde, Entre mi-septembre et mi-octobre, nos entra\u00eenements se sont poursuivis plut\u00f4t \u00e0 Saas-Fee et plut\u00f4t en g\u00e9ant et en super-G. Petite nouveaut\u00e9, la station haut-valaisanne a construit un saut, comme vous pouvez le voir dans la vid\u00e9o (https:\/\/youtu.be\/98R9DmLnxEE). Mais tout monde attendait impatiemment les s\u00e9lections officielles en vue des courses de Coupe [&hellip;]<\/p>\n","protected":false},"author":2,"featured_media":0,"comment_status":"open","ping_status":"open","sticky":true,"template":"","format":"standard","meta":{"_et_pb_use_builder":"on","_et_pb_old_content":"<p>Hello tout le monde,<\/p><p>Entre mi-septembre et mi-octobre, nos entra\u00eenements se sont poursuivis plut\u00f4t \u00e0 Saas-Fee et plut\u00f4t en g\u00e9ant et en super-G. Petite nouveaut\u00e9, la station haut-valaisanne a construit un saut, comme vous pouvez le voir dans la vid\u00e9o (https:\/\/youtu.be\/98R9DmLnxEE).<\/p><p>Mais tout monde attendait impatiemment les s\u00e9lections officielles en vue des courses de Coupe du monde de Zermatt. Les entra\u00eeneurs m\u2019ont fait part d\u2019une super nouvelle : j\u2019\u00e9tais admis aux entra\u00eenements en tant que 13e Suisse, alors qu\u2019ils avaient retenu 14 coureurs. J\u2019avais coch\u00e9 le premier des objectifs figurant sur ma liste pour cette saison. Malheureusement, moins de 24 heures apr\u00e8s, l\u2019annulation est tomb\u00e9e... Mais il faut bien reconna\u00eetre que c\u2019\u00e9tait la seule solution envisageable ; il aurait \u00e9t\u00e9 aberrant de maintenir des courses avec ce manque de neige.<\/p><p>Restait la question du voyage au Canada pour les \u00e9preuves de Coupe du monde, pour lequel seules 13 places sont disponibles. J\u2019\u00e9tais donc 13e pour celles de Zermatt mais Justin Murisier avait renonc\u00e9 en raison de sa blessure au dos. Comme Justin a marqu\u00e9 des points en Coupe du monde la saison derni\u00e8re et qu\u2019il a r\u00e9ussi des r\u00e9sultats probants en vitesse, il est prioritaire, ce qui est tout \u00e0 fait normal. Si bien que je suis 14e, et donc non s\u00e9lectionn\u00e9 pour le Canada. Si les courses de Zermatt s\u2019\u00e9taient disput\u00e9es, j\u2019aurais eu l\u2019occasion de montrer mon niveau et peut-\u00eatre de grignoter quelques places dans la hi\u00e9rarchie. Mais dans l\u2019\u00e9tat actuel des choses, les entra\u00eeneurs ont pr\u00e9f\u00e9r\u00e9 se baser sur les \u00e9preuves de la saison pass\u00e9e plut\u00f4t que sur les entra\u00eenements de cet \u00e9t\u00e9. Certes, leur d\u00e9cision n\u2019est pas en ma faveur, mais elle est logique : \u00e0 mes yeux aussi, les r\u00e9sultats en course ont plus de valeur que les chronos sur glacier.<\/p><p>Je vais donc rester en Europe tout le mois de novembre. Nous allons nous entra\u00eener sur neige artificielle, bien qu\u2019on ne sache pas exactement o\u00f9 ; il faut attendre qu\u2019il fasse un petit peu plus froid et que plusieurs domaines puissent \u00eatre pr\u00e9par\u00e9s, je pense \u00e0 Zinal, St. Moritz ou Davos. Je devrais donc reskier vers le 15 novembre pour le sprint final de la pr\u00e9paration. Quant \u00e0 la comp\u00e9tition, la reprise se fera fin novembre, vraisemblablement en g\u00e9ant FIS, afin de me remettre dans le rythme. Les premi\u00e8res courses importantes sont agend\u00e9es d\u00e9but d\u00e9cembre, les 6 et 7 \u00e0 Santa Caterina pour le compte de la Coupe d\u2019Europe.<\/p><p>Aujourd\u2019hui, je suis donc au clair en ce qui concerne mon programme : je sais que je vais commencer par la Coupe d\u2019Europe mais j\u2019esp\u00e8re bien par la suite avoir l\u2019opportunit\u00e9 de participer \u00e0 des s\u00e9lections Coupe du monde, au moins sur la base d\u2019entra\u00eenements.<\/p><p>Merci pour votre soutien!<\/p><p>Site web: https:\/\/arnaudboisset.com\/<\/p><p>Blog: https:\/\/www.tooski.ch\/blogs\/arnaud-boisset\/<\/p><p>Gourmandise: https:\/\/arnaudboisset.com\/#soutien<\/p><p>\"Cuv\u00e9e de soutien\":<\/p><p>Fendant de Martigny (m\u00e9daille d'or au mondial du chasselas 2021) \u00e0 CHF 20.-<br \/>Johannisberg de Chamoson (s\u00e9lection Or des vins du Valais 2021) \u00e0 CHF 23.-<\/p><p>Gamay de Martigny \u00e0 CHF 20.-<br \/>Pinot noir de Chamoson \u00e0 CHF 23.-<br \/>Humagne rouge \u00e0 CHF 25.-<\/p><p>Meilleures salutations sportives.<\/p><p>Arnaud Boisset<\/p>","_et_gb_content_width":"","footnotes":""},"categories":[30,11],"tags":[],"class_list":["post-5695","post","type-post","status-publish","format-standard","hentry","category-arnaud-boisset","category-association"],"_links":{"self":[{"href":"https:\/\/vivresonreve.ch\/index.php?rest_route=\/wp\/v2\/posts\/5695","targetHints":{"allow":["GET"]}}],"collection":[{"href":"https:\/\/vivresonreve.ch\/index.php?rest_route=\/wp\/v2\/posts"}],"about":[{"href":"https:\/\/vivresonreve.ch\/index.php?rest_route=\/wp\/v2\/types\/post"}],"author":[{"embeddable":true,"href":"https:\/\/vivresonreve.ch\/index.php?rest_route=\/wp\/v2\/users\/2"}],"replies":[{"embeddable":true,"href":"https:\/\/vivresonreve.ch\/index.php?rest_route=%2Fwp%2Fv2%2Fcomments&post=5695"}],"version-history":[{"count":3,"href":"https:\/\/vivresonreve.ch\/index.php?rest_route=\/wp\/v2\/posts\/5695\/revisions"}],"predecessor-version":[{"id":5698,"href":"https:\/\/vivresonreve.ch\/index.php?rest_route=\/wp\/v2\/posts\/5695\/revisions\/5698"}],"wp:attachment":[{"href":"https:\/\/vivresonreve.ch\/index.php?rest_route=%2Fwp%2Fv2%2Fmedia&parent=5695"}],"wp:term":[{"taxonomy":"category","embeddable":true,"href":"https:\/\/vivresonreve.ch\/index.php?rest_route=%2Fwp%2Fv2%2Fcategories&post=5695"},{"taxonomy":"post_tag","embeddable":true,"href":"https:\/\/vivresonreve.ch\/index.php?rest_route=%2Fwp%2Fv2%2Ftags&post=5695"}],"curies":[{"name":"wp","href":"https:\/\/api.w.org\/{rel}","templated":true}]}}