{"id":5633,"date":"2022-09-08T16:59:50","date_gmt":"2022-09-08T16:59:50","guid":{"rendered":"https:\/\/vivresonreve.ch\/?p=5633"},"modified":"2022-09-08T17:00:04","modified_gmt":"2022-09-08T17:00:04","slug":"news-arnaud-boisset","status":"publish","type":"post","link":"https:\/\/vivresonreve.ch\/?p=5633","title":{"rendered":"News: Arnaud Boisset"},"content":{"rendered":"<p>Hello tout le monde,<\/p>\n<p>En juillet, les conditions n\u2019\u00e9taient pas faciles mais, malgr\u00e9 les fortes chaleurs qui ont beaucoup impact\u00e9 les glaciers, nous avons quand m\u00eame pu skier cinq jours \u00e0 Saas-Fee. Le ski d\u2019\u00e9t\u00e9 a chang\u00e9 radicalement : pour que les conditions d\u2019entra\u00eenement soient bonnes, il nous faut d\u00e9sormais une m\u00e9t\u00e9o parfaite. \u00c0 la moindre pr\u00e9cipitation ou m\u00eame si le ciel se couvre l\u00e9g\u00e8rement pendant la nuit, le regel ne se fait pas et nous ne pouvons pas nous entra\u00eener convenablement.<\/p>\n<p>Apr\u00e8s ce premier camp, j\u2019ai remis l\u2019accent sur la condition physique, pendant deux semaines d\u00e9but ao\u00fbt. Puis nous sommes mont\u00e9s \u00e0 Zermatt. Apr\u00e8s la d\u00e9ception de Saas-Fee, je ne savais pas trop \u00e0 quoi m\u2019attendre. Mais Zermatt, c\u2019est autre chose. D\u00e9j\u00e0, le glacier est 500 m\u00e8tres plus haut, ce qui change passablement la donne. Ensuite, il est orient\u00e9 un peu diff\u00e9remment, et les vents ne sont pas les m\u00eames non plus. Tout cela a fait que les conditions \u00e9taient nettement meilleures. Nous avons donc pu faire du tr\u00e8s bon ski. Et m\u00eame utiliser la piste de vitesse &#8211; plus d\u2019une minute de descente, ce qui est exceptionnel \u00e0 cette p\u00e9riode-l\u00e0. En Europe, c\u2019est \u00e0 ma connaissance le seul endroit o\u00f9 c\u2019est possible. R\u00e9sultat : nous avons encha\u00een\u00e9 six jours de ski d\u2019affil\u00e9e, gr\u00e2ce \u00e0 une m\u00e9t\u00e9o vraiment tr\u00e8s bonne.<\/p>\n<p>Apr\u00e8s une semaine de pause, je viens tout juste de remonter \u00e0 Zermatt. Ces prochains temps, je vais alterner semaine de ski et semaine de pause, en gros jusqu\u2019\u00e0 la fin septembre. L\u2019objectif que nous avons tous en point de mire, ce sont les toutes premi\u00e8res descentes de Coupe du monde qui auront lieu \u00e0 Zermatt les 29 et 30 octobre. Mais la s\u00e9lection ne va pas \u00eatre facile : il y a beaucoup d\u2019appel\u00e9s, pas de bless\u00e9s, m\u00eame les g\u00e9antistes sont int\u00e9ress\u00e9s. La participation \u00e0 ces \u00e9preuves constitue bien \u00e9videmment un objectif, mais je ne vais pas en faire une fixation, et courir le risque d\u2019\u00eatre d\u00e9\u00e7u en quelque sorte avant que la saison ne commence vraiment. Il ne faudrait en effet pas oublier qu\u2019un bon mois va s\u00e9parer les courses de Zermatt du v\u00e9ritable coup d\u2019envoi de la saison. Un laps de temps plus que suffisant pour nous permettre de peaufiner les derniers d\u00e9tails.<\/p>\n<p><a href=\"https:\/\/vivresonreve.ch\/wp-content\/uploads\/2022\/09\/image001.jpg\"><img loading=\"lazy\" decoding=\"async\" class=\"aligncenter size-medium wp-image-5634\" src=\"https:\/\/vivresonreve.ch\/wp-content\/uploads\/2022\/09\/image001-300x200.jpg\" alt=\"\" width=\"300\" height=\"200\" \/><\/a><\/p>\n<p>Merci pour votre soutien!<\/p>\n<p>Site web: https:\/\/arnaudboisset.com\/<br \/>\nBlog: https:\/\/www.tooski.ch\/blogs\/arnaud-boisset\/<br \/>\nGourmandise: https:\/\/arnaudboisset.com\/#soutien<\/p>\n<p>\u00ab\u00a0Cuv\u00e9e de soutien\u00a0\u00bb:<\/p>\n<p>Fendant de Martigny (m\u00e9daille d&rsquo;or au mondial du chasselas 2021) \u00e0 CHF 20.-<br \/>\nJohannisberg de Chamoson (s\u00e9lection Or des vins du Valais 2021) \u00e0 CHF 23.-<\/p>\n<p>Gamay de Martigny \u00e0 CHF 20.-<br \/>\nPinot noir de Chamoson \u00e0 CHF 23.-<br \/>\nHumagne rouge \u00e0 CHF 25.-<\/p>\n<p>Meilleures salutations sportives.<\/p>\n<p>Arnaud Boisset<\/p>\n","protected":false},"excerpt":{"rendered":"<p>Hello tout le monde, En juillet, les conditions n\u2019\u00e9taient pas faciles mais, malgr\u00e9 les fortes chaleurs qui ont beaucoup impact\u00e9 les glaciers, nous avons quand m\u00eame pu skier cinq jours \u00e0 Saas-Fee. Le ski d\u2019\u00e9t\u00e9 a chang\u00e9 radicalement : pour que les conditions d\u2019entra\u00eenement soient bonnes, il nous faut d\u00e9sormais une m\u00e9t\u00e9o parfaite. \u00c0 la [&hellip;]<\/p>\n","protected":false},"author":5,"featured_media":0,"comment_status":"open","ping_status":"open","sticky":true,"template":"","format":"standard","meta":{"_et_pb_use_builder":"","_et_pb_old_content":"","_et_gb_content_width":"","footnotes":""},"categories":[30,11],"tags":[],"class_list":["post-5633","post","type-post","status-publish","format-standard","hentry","category-arnaud-boisset","category-association"],"_links":{"self":[{"href":"https:\/\/vivresonreve.ch\/index.php?rest_route=\/wp\/v2\/posts\/5633","targetHints":{"allow":["GET"]}}],"collection":[{"href":"https:\/\/vivresonreve.ch\/index.php?rest_route=\/wp\/v2\/posts"}],"about":[{"href":"https:\/\/vivresonreve.ch\/index.php?rest_route=\/wp\/v2\/types\/post"}],"author":[{"embeddable":true,"href":"https:\/\/vivresonreve.ch\/index.php?rest_route=\/wp\/v2\/users\/5"}],"replies":[{"embeddable":true,"href":"https:\/\/vivresonreve.ch\/index.php?rest_route=%2Fwp%2Fv2%2Fcomments&post=5633"}],"version-history":[{"count":1,"href":"https:\/\/vivresonreve.ch\/index.php?rest_route=\/wp\/v2\/posts\/5633\/revisions"}],"predecessor-version":[{"id":5635,"href":"https:\/\/vivresonreve.ch\/index.php?rest_route=\/wp\/v2\/posts\/5633\/revisions\/5635"}],"wp:attachment":[{"href":"https:\/\/vivresonreve.ch\/index.php?rest_route=%2Fwp%2Fv2%2Fmedia&parent=5633"}],"wp:term":[{"taxonomy":"category","embeddable":true,"href":"https:\/\/vivresonreve.ch\/index.php?rest_route=%2Fwp%2Fv2%2Fcategories&post=5633"},{"taxonomy":"post_tag","embeddable":true,"href":"https:\/\/vivresonreve.ch\/index.php?rest_route=%2Fwp%2Fv2%2Ftags&post=5633"}],"curies":[{"name":"wp","href":"https:\/\/api.w.org\/{rel}","templated":true}]}}