{"id":5544,"date":"2022-08-01T06:37:51","date_gmt":"2022-08-01T06:37:51","guid":{"rendered":"https:\/\/vivresonreve.ch\/?p=5544"},"modified":"2022-08-01T06:49:59","modified_gmt":"2022-08-01T06:49:59","slug":"news-pret-pour-la-nouvelle-saison","status":"publish","type":"post","link":"https:\/\/vivresonreve.ch\/?p=5544","title":{"rendered":"News: Pr\u00eat pour la nouvelle saison"},"content":{"rendered":"<p>Hello tout le monde,<\/p>\n<p>Il m&rsquo;a fallu un peu de recul pour dig\u00e9rer la saison derni\u00e8re. J&rsquo;ai eu besoin de quelques semaines de coupure par rapport au monde du ski. A partir du 10 mai, j&rsquo;ai repris l&rsquo;entra\u00eenement physique avec d&rsquo;abord beaucoup de v\u00e9lo et de course \u00e0 pied. Puis, au d\u00e9but juin, nous avons recommenc\u00e9 l&rsquo;entra\u00eenement de force au fitness tout en maintenant deux s\u00e9ances d&rsquo;intervalles par semaine. J&rsquo;ai altern\u00e9 des semaines d&rsquo;entra\u00eenement \u00e0 Macolin, \u00e0 Kerenzerberg ainsi qu&rsquo;\u00e0 la maison.<\/p>\n<p>Fin juin, j&rsquo;ai pass\u00e9 mes derniers examens universitaires, ce qui m&rsquo;a lib\u00e9r\u00e9 d&rsquo;un certain poids. Pendant l&rsquo;\u00e9t\u00e9, je vais r\u00e9diger mon travail de Bachelor, puis \u00e0 partir de septembre jusqu&rsquo;en avril au moins, j&rsquo;ai d\u00e9cid\u00e9 de ne plus rien entreprendre de scolaire. Cela va me permettre, pour la premi\u00e8re fois de ma jeune carri\u00e8re, de me consacrer \u00e0 100% au ski et je m\u2019en r\u00e9jouis vraiment!<\/p>\n<p><a href=\"https:\/\/vivresonreve.ch\/wp-content\/uploads\/2022\/08\/ab1-scaled.jpg\"><img loading=\"lazy\" decoding=\"async\" class=\"aligncenter size-medium wp-image-5545\" src=\"https:\/\/vivresonreve.ch\/wp-content\/uploads\/2022\/08\/ab1-300x200.jpg\" alt=\"\" width=\"300\" height=\"200\" \/><\/a><\/p>\n<p>Cette semaine, nous effectuons une semaine de tests physiques \u00e0 Macolin afin d&rsquo;\u00e9valuer la progression enregistr\u00e9e depuis mai. Ensuite, je vais avoir cinq jours de repos et puis nous avons pr\u00e9vu le retour sur la neige le 22 juillet prochain. Cette ann\u00e9e, compte tenu de la premi\u00e8re Coupe du monde de vitesse qui aura lieu pour la premi\u00e8re fois fin octobre \u00e0 Zermatt, nous avons d\u00fb avancer quelque peu notre retour sur les skis.<\/p>\n<p>Merci pour votre soutien!<\/p>\n<p>Site web: https:\/\/arnaudboisset.com\/<br \/>\nBlog: https:\/\/www.tooski.ch\/blogs\/arnaud-boisset\/<br \/>\nGourmandise: https:\/\/arnaudboisset.com\/#soutien<\/p>\n<p>\u00ab\u00a0Cuv\u00e9e de soutien\u00a0\u00bb:<\/p>\n<p>Fendant de Martigny (m\u00e9daille d&rsquo;or au mondial du chasselas 2021) \u00e0 CHF 20.-<br \/>\nJohannisberg de Chamoson (s\u00e9lection Or des vins du Valais 2021) \u00e0 CHF 23.-<\/p>\n<p>Gamay de Martigny \u00e0 CHF 20.-<br \/>\nPinot noir de Chamoson \u00e0 CHF 23.-<br \/>\nHumagne rouge \u00e0 CHF 25.-<\/p>\n<p>Meilleures salutations sportives.<\/p>\n<p>Arnaud Boisset<\/p>\n","protected":false},"excerpt":{"rendered":"<p>Hello tout le monde, Il m&rsquo;a fallu un peu de recul pour dig\u00e9rer la saison derni\u00e8re. J&rsquo;ai eu besoin de quelques semaines de coupure par rapport au monde du ski. A partir du 10 mai, j&rsquo;ai repris l&rsquo;entra\u00eenement physique avec d&rsquo;abord beaucoup de v\u00e9lo et de course \u00e0 pied. Puis, au d\u00e9but juin, nous avons [&hellip;]<\/p>\n","protected":false},"author":2,"featured_media":0,"comment_status":"open","ping_status":"open","sticky":true,"template":"","format":"standard","meta":{"_et_pb_use_builder":"","_et_pb_old_content":"","_et_gb_content_width":"","footnotes":""},"categories":[30,11],"tags":[],"class_list":["post-5544","post","type-post","status-publish","format-standard","hentry","category-arnaud-boisset","category-association"],"_links":{"self":[{"href":"https:\/\/vivresonreve.ch\/index.php?rest_route=\/wp\/v2\/posts\/5544","targetHints":{"allow":["GET"]}}],"collection":[{"href":"https:\/\/vivresonreve.ch\/index.php?rest_route=\/wp\/v2\/posts"}],"about":[{"href":"https:\/\/vivresonreve.ch\/index.php?rest_route=\/wp\/v2\/types\/post"}],"author":[{"embeddable":true,"href":"https:\/\/vivresonreve.ch\/index.php?rest_route=\/wp\/v2\/users\/2"}],"replies":[{"embeddable":true,"href":"https:\/\/vivresonreve.ch\/index.php?rest_route=%2Fwp%2Fv2%2Fcomments&post=5544"}],"version-history":[{"count":1,"href":"https:\/\/vivresonreve.ch\/index.php?rest_route=\/wp\/v2\/posts\/5544\/revisions"}],"predecessor-version":[{"id":5546,"href":"https:\/\/vivresonreve.ch\/index.php?rest_route=\/wp\/v2\/posts\/5544\/revisions\/5546"}],"wp:attachment":[{"href":"https:\/\/vivresonreve.ch\/index.php?rest_route=%2Fwp%2Fv2%2Fmedia&parent=5544"}],"wp:term":[{"taxonomy":"category","embeddable":true,"href":"https:\/\/vivresonreve.ch\/index.php?rest_route=%2Fwp%2Fv2%2Fcategories&post=5544"},{"taxonomy":"post_tag","embeddable":true,"href":"https:\/\/vivresonreve.ch\/index.php?rest_route=%2Fwp%2Fv2%2Ftags&post=5544"}],"curies":[{"name":"wp","href":"https:\/\/api.w.org\/{rel}","templated":true}]}}