{"id":5522,"date":"2022-07-08T03:53:11","date_gmt":"2022-07-08T03:53:11","guid":{"rendered":"https:\/\/vivresonreve.ch\/?p=5522"},"modified":"2022-08-01T06:49:59","modified_gmt":"2022-08-01T06:49:59","slug":"news-competitions-juillet-2022","status":"publish","type":"post","link":"https:\/\/vivresonreve.ch\/?p=5522","title":{"rendered":"News: comp\u00e9titions juillet 2022"},"content":{"rendered":"<p>Bonjour \u00e0 toutes et \u00e0 tous,<\/p>\n<p>Les nouvelles n&rsquo;ont pas \u00e9t\u00e9 au rendez-vous durant le d\u00e9but de saison mais ce n&rsquo;est pas plus mal car il y a bien plus \u00e0 raconter aujourd&rsquo;hui.<\/p>\n<p>Vous avez peut-\u00eatre pu le voir dans les m\u00e9dias, le d\u00e9but de la saison a \u00e9t\u00e9 un peu compliqu\u00e9 avec une forme qui n&rsquo;\u00e9tait pas au rendez-vous.<\/p>\n<p>En commen\u00e7ant par deux comp\u00e9titions \u00e0 l&rsquo;\u00e9tranger (Chania en Cr\u00e8te et Manchester en Angleterre) j&rsquo;ai couru 46,92 et 47,34 respectivement. En suivant le mois de juin, le meeting de \u00ab\u00a0Citius\u00a0\u00bb \u00e0 Berne m&rsquo;a permis de refaire une course en 46 secondes (46,90) avec d&rsquo;excellentes sensations mais sans pour autant \u00eatre assez rapide.<br \/>\nLes championnats suisses se sont d\u00e9roul\u00e9s lors du d\u00e9but du week-end du 24-25 juin o\u00f9 j&rsquo;ai termin\u00e9 3e dans un temps de 46,72.<\/p>\n<p>En gardant en t\u00eate que la limite pour les championnats d&rsquo;Europe a \u00e9t\u00e9 fix\u00e9e \u00e0 45,70, je dois encore gagner 1 seconde.<br \/>\nChose presque faite aujourd&rsquo;hui lors du meeting \u00e0 La Chaux-de-Fond nomm\u00e9 \u00ab\u00a0Resisprint\u00a0\u00bb avec un temps de 45,95 meilleure performance de ma saison pour l&rsquo;instant!<\/p>\n<p>Maintenant quelques jours de pause avant de courir \u00e0 Bulle sur 100m et 200m pour couper la saison en deux ce samedi 9 juillet.<\/p>\n<p>Je vous remercie de votre soutien plus qu&rsquo;important pour moi, qui m&rsquo;a permis et me permet de performer au meilleur niveau suisse et europ\u00e9en.<\/p>\n<p>Je vous adresse mes meilleures salutations et au plaisir de vous revoir!<\/p>\n<p>Devantay Charles<\/p>\n<p><a href=\"https:\/\/vivresonreve.ch\/wp-content\/uploads\/2022\/07\/SM_2022-7098TL-scaled.jpg\"><img loading=\"lazy\" decoding=\"async\" class=\"size-medium wp-image-5523\" src=\"https:\/\/vivresonreve.ch\/wp-content\/uploads\/2022\/07\/SM_2022-7098TL-300x200.jpg\" alt=\"\" width=\"300\" height=\"200\" \/><\/a><\/p>\n","protected":false},"excerpt":{"rendered":"<p>Bonjour \u00e0 toutes et \u00e0 tous, Les nouvelles n&rsquo;ont pas \u00e9t\u00e9 au rendez-vous durant le d\u00e9but de saison mais ce n&rsquo;est pas plus mal car il y a bien plus \u00e0 raconter aujourd&rsquo;hui. Vous avez peut-\u00eatre pu le voir dans les m\u00e9dias, le d\u00e9but de la saison a \u00e9t\u00e9 un peu compliqu\u00e9 avec une forme [&hellip;]<\/p>\n","protected":false},"author":2,"featured_media":0,"comment_status":"open","ping_status":"open","sticky":true,"template":"","format":"standard","meta":{"_et_pb_use_builder":"","_et_pb_old_content":"","_et_gb_content_width":"","footnotes":""},"categories":[34],"tags":[],"class_list":["post-5522","post","type-post","status-publish","format-standard","hentry","category-charles-devantay"],"_links":{"self":[{"href":"https:\/\/vivresonreve.ch\/index.php?rest_route=\/wp\/v2\/posts\/5522","targetHints":{"allow":["GET"]}}],"collection":[{"href":"https:\/\/vivresonreve.ch\/index.php?rest_route=\/wp\/v2\/posts"}],"about":[{"href":"https:\/\/vivresonreve.ch\/index.php?rest_route=\/wp\/v2\/types\/post"}],"author":[{"embeddable":true,"href":"https:\/\/vivresonreve.ch\/index.php?rest_route=\/wp\/v2\/users\/2"}],"replies":[{"embeddable":true,"href":"https:\/\/vivresonreve.ch\/index.php?rest_route=%2Fwp%2Fv2%2Fcomments&post=5522"}],"version-history":[{"count":2,"href":"https:\/\/vivresonreve.ch\/index.php?rest_route=\/wp\/v2\/posts\/5522\/revisions"}],"predecessor-version":[{"id":5530,"href":"https:\/\/vivresonreve.ch\/index.php?rest_route=\/wp\/v2\/posts\/5522\/revisions\/5530"}],"wp:attachment":[{"href":"https:\/\/vivresonreve.ch\/index.php?rest_route=%2Fwp%2Fv2%2Fmedia&parent=5522"}],"wp:term":[{"taxonomy":"category","embeddable":true,"href":"https:\/\/vivresonreve.ch\/index.php?rest_route=%2Fwp%2Fv2%2Fcategories&post=5522"},{"taxonomy":"post_tag","embeddable":true,"href":"https:\/\/vivresonreve.ch\/index.php?rest_route=%2Fwp%2Fv2%2Ftags&post=5522"}],"curies":[{"name":"wp","href":"https:\/\/api.w.org\/{rel}","templated":true}]}}