{"id":5396,"date":"2022-04-11T14:50:39","date_gmt":"2022-04-11T14:50:39","guid":{"rendered":"https:\/\/vivresonreve.ch\/?p=5396"},"modified":"2022-04-13T15:26:56","modified_gmt":"2022-04-13T15:26:56","slug":"news-je-retrouve-le-sourire-et-je-menvole-pour-la-norvege","status":"publish","type":"post","link":"https:\/\/vivresonreve.ch\/?p=5396","title":{"rendered":"News: Je retrouve le sourire et je m\u2019envole pour la Norv\u00e8ge !"},"content":{"rendered":"<p>Hello tout le monde,<\/p>\n<div><\/div>\n<div>\n<p>Trois semaines apr\u00e8s l\u2019accident, j\u2019ai pu reprendre l\u2019entra\u00eenement sur la neige. Les premiers jours ne furent pas faciles car les chocs avec les piquets me faisaient passablement mal. Je n\u2019ai donc pas forc\u00e9, j\u2019ai plut\u00f4t mis\u00e9 sur la qualit\u00e9 que la quantit\u00e9. Mon \u00e9paule allait jour apr\u00e8s jour de mieux en mieux. Les douleurs diminuaient et la mobilit\u00e9 s\u2019am\u00e9liorait. A tel point que lors des entra\u00eenements de jeudi et vendredi, j\u2019ai pu m\u2019entra\u00eener normalement. J\u2019ai encha\u00een\u00e9 6 manches par jour de mani\u00e8re intensive en ne ressentant pratiquement pas de douleur.<\/p>\n<p><img loading=\"lazy\" decoding=\"async\" class=\"CToWUd a6T\" tabindex=\"0\" src=\"https:\/\/mail.google.com\/mail\/u\/0?ui=2&amp;ik=77a1a64540&amp;attid=0.2.0.1&amp;permmsgid=msg-f:1729257635910735302&amp;th=17ff8ea8699755c6&amp;view=fimg&amp;fur=ip&amp;sz=s0-l75-ft&amp;attbid=ANGjdJ9dWU40Js-1izimZIgE-EHapONtHkdFTwrLrtbMh6MWKoUp0gavnst2xMqol3U-Viq-JY5fIUAxXdqwq9rFa9Lh69f9RaB8TwfmO4vdjy46cr9hopca73Yvs7c&amp;disp=emb\" width=\"441\" height=\"294\" data-image-whitelisted=\"\" \/><\/p>\n<p>Ainsi, j\u2019ai d\u00e9cid\u00e9, avec mes entra\u00eeneurs, de reprendre la comp\u00e9tition lors des prochaines coupes d\u2019Europe \u00e0 Kvitfjell en Norv\u00e8ge. Je me r\u00e9jouis de retrouver la comp\u00e9tition apr\u00e8s plus d\u2019un mois sans course. Je me r\u00e9jouis \u00e9galement de d\u00e9couvrir la Norv\u00e8ge et ses magnifiques paysages. J\u2019esp\u00e8re que mon \u00e9paule ne va pas m\u2019emp\u00eacher de skier \u00e0 fond et que je pourrais rivaliser avec les meilleurs. Nous avons voyag\u00e9 dimanche et la premi\u00e8re course de descente est programm\u00e9e mercredi.<\/p>\n<\/div>\n<div>Merci pour votre soutien et \u00e0 tr\u00e8s bient\u00f4t!<\/div>\n<p>J&rsquo;ai re\u00e7u beaucoup de messages de compassion de part et d&rsquo;autre et je voulais vous remercier du fond du coeur pour votre soutien malgr\u00e9 le manque de r\u00e9ussite.<\/p>\n<ul>\n<li style=\"list-style-type: none;\"><\/li>\n<\/ul>\n<ul>\n<li>Site web:\u00a0<a href=\"https:\/\/arnaudboisset.com\/\" target=\"_blank\" rel=\"noopener noreferrer\" data-saferedirecturl=\"https:\/\/www.google.com\/url?q=https:\/\/arnaudboisset.com\/&amp;source=gmail&amp;ust=1649773729075000&amp;usg=AOvVaw1cNMKenvQsQTd2lZCfU4yD\">https:\/\/arnaudboisset.<wbr \/>com\/<\/a><\/li>\n<li>Blog:\u00a0<a href=\"https:\/\/www.tooski.ch\/blogs\/arnaud-boisset\/\" target=\"_blank\" rel=\"noopener noreferrer\" data-saferedirecturl=\"https:\/\/www.google.com\/url?q=https:\/\/www.tooski.ch\/blogs\/arnaud-boisset\/&amp;source=gmail&amp;ust=1649773729076000&amp;usg=AOvVaw1ibjmeClcDjA-dpmcw3Msf\">https:\/\/www.tooski.ch\/<wbr \/>blogs\/arnaud-boisset\/<\/a><\/li>\n<li>Gourmandise:\u00a0<a href=\"https:\/\/arnaudboisset.com\/#soutien\" target=\"_blank\" rel=\"noopener noreferrer\" data-saferedirecturl=\"https:\/\/www.google.com\/url?q=https:\/\/arnaudboisset.com\/%23soutien&amp;source=gmail&amp;ust=1649773729076000&amp;usg=AOvVaw1yo7RYR2RNYYWHwnqNWYNR\">https:\/\/<wbr \/>arnaudboisset.com\/#soutien<\/a><\/li>\n<\/ul>\n<p>\u201cCuv\u00e9e de soutien\u201d:<\/p>\n<ul>\n<li>Fendant de Martigny (m\u00e9daille d\u2019or au mondial du chasselas 2021) \u00e0 CHF 20.-<\/li>\n<li>Johannisberg de Chamoson (s\u00e9lection Or des vins du Valais 2021) \u00e0 CHF 23.-<\/li>\n<li>Gamay de Martigny \u00e0 CHF 20.-<\/li>\n<li>Pinot noir de Chamoson \u00e0 CHF 23.-<\/li>\n<li>Humagne rouge \u00e0 CHF 25.-<\/li>\n<\/ul>\n<p>&nbsp;<\/p>\n<div>\n<div>\n<div>\n<div>\n<div>Meilleures salutations sportives.<\/div>\n<p>Arnaud Boisset<\/p>\n<\/div>\n<\/div>\n<\/div>\n<\/div>\n","protected":false},"excerpt":{"rendered":"<p>Hello tout le monde, Trois semaines apr\u00e8s l\u2019accident, j\u2019ai pu reprendre l\u2019entra\u00eenement sur la neige. Les premiers jours ne furent pas faciles car les chocs avec les piquets me faisaient passablement mal. Je n\u2019ai donc pas forc\u00e9, j\u2019ai plut\u00f4t mis\u00e9 sur la qualit\u00e9 que la quantit\u00e9. Mon \u00e9paule allait jour apr\u00e8s jour de mieux en [&hellip;]<\/p>\n","protected":false},"author":2,"featured_media":0,"comment_status":"open","ping_status":"open","sticky":true,"template":"","format":"standard","meta":{"_et_pb_use_builder":"","_et_pb_old_content":"","_et_gb_content_width":"","footnotes":""},"categories":[30,11],"tags":[],"class_list":["post-5396","post","type-post","status-publish","format-standard","hentry","category-arnaud-boisset","category-association"],"_links":{"self":[{"href":"https:\/\/vivresonreve.ch\/index.php?rest_route=\/wp\/v2\/posts\/5396","targetHints":{"allow":["GET"]}}],"collection":[{"href":"https:\/\/vivresonreve.ch\/index.php?rest_route=\/wp\/v2\/posts"}],"about":[{"href":"https:\/\/vivresonreve.ch\/index.php?rest_route=\/wp\/v2\/types\/post"}],"author":[{"embeddable":true,"href":"https:\/\/vivresonreve.ch\/index.php?rest_route=\/wp\/v2\/users\/2"}],"replies":[{"embeddable":true,"href":"https:\/\/vivresonreve.ch\/index.php?rest_route=%2Fwp%2Fv2%2Fcomments&post=5396"}],"version-history":[{"count":4,"href":"https:\/\/vivresonreve.ch\/index.php?rest_route=\/wp\/v2\/posts\/5396\/revisions"}],"predecessor-version":[{"id":5404,"href":"https:\/\/vivresonreve.ch\/index.php?rest_route=\/wp\/v2\/posts\/5396\/revisions\/5404"}],"wp:attachment":[{"href":"https:\/\/vivresonreve.ch\/index.php?rest_route=%2Fwp%2Fv2%2Fmedia&parent=5396"}],"wp:term":[{"taxonomy":"category","embeddable":true,"href":"https:\/\/vivresonreve.ch\/index.php?rest_route=%2Fwp%2Fv2%2Fcategories&post=5396"},{"taxonomy":"post_tag","embeddable":true,"href":"https:\/\/vivresonreve.ch\/index.php?rest_route=%2Fwp%2Fv2%2Ftags&post=5396"}],"curies":[{"name":"wp","href":"https:\/\/api.w.org\/{rel}","templated":true}]}}