{"id":5382,"date":"2022-04-11T14:41:27","date_gmt":"2022-04-11T14:41:27","guid":{"rendered":"https:\/\/vivresonreve.ch\/?p=5382"},"modified":"2022-04-13T15:26:56","modified_gmt":"2022-04-13T15:26:56","slug":"news-saison-indoor-2022","status":"publish","type":"post","link":"https:\/\/vivresonreve.ch\/?p=5382","title":{"rendered":"News: Saison indoor 2022"},"content":{"rendered":"<p>Bonjour \u00e0 toutes et tous,<\/p>\n<p>Nous voici d\u00e9j\u00e0 en mars que la saison indoor est termin\u00e9e.<\/p>\n<p>En seulement trois meetings, quelques chiffres cl\u00e9s sont ressortis:<\/p>\n<p>Record personnel sur 60m (6.88)<br \/>\nRecord personnel sur 200m (21.31), ce qui \u00e9quivaut \u00e0 un top 8 suisse de tout les temps.<\/p>\n<p>Les championnats suisses ont ferm\u00e9 la marche et ce, avec une belle m\u00e9daille de bronze sur 200m (21.37).<\/p>\n<p>Merci pour votre soutien durant ce d\u00e9but d&rsquo;ann\u00e9e et pour le reste qui n&rsquo;attend que d&rsquo;\u00eatre v\u00e9cu!<\/p>\n<div dir=\"auto\"><a href=\"https:\/\/vivresonreve.ch\/wp-content\/uploads\/2022\/04\/SMH-400_mm-6822TL.jpg\"><img loading=\"lazy\" decoding=\"async\" class=\"alignnone size-medium wp-image-5385\" src=\"https:\/\/vivresonreve.ch\/wp-content\/uploads\/2022\/04\/SMH-400_mm-6822TL-300x200.jpg\" alt=\"\" width=\"300\" height=\"200\" \/><\/a><\/div>\n","protected":false},"excerpt":{"rendered":"<p>Bonjour \u00e0 toutes et tous, Nous voici d\u00e9j\u00e0 en mars que la saison indoor est termin\u00e9e. En seulement trois meetings, quelques chiffres cl\u00e9s sont ressortis: Record personnel sur 60m (6.88) Record personnel sur 200m (21.31), ce qui \u00e9quivaut \u00e0 un top 8 suisse de tout les temps. Les championnats suisses ont ferm\u00e9 la marche et [&hellip;]<\/p>\n","protected":false},"author":2,"featured_media":0,"comment_status":"open","ping_status":"open","sticky":true,"template":"","format":"standard","meta":{"_et_pb_use_builder":"","_et_pb_old_content":"","_et_gb_content_width":"","footnotes":""},"categories":[11,34],"tags":[],"class_list":["post-5382","post","type-post","status-publish","format-standard","hentry","category-association","category-charles-devantay"],"_links":{"self":[{"href":"https:\/\/vivresonreve.ch\/index.php?rest_route=\/wp\/v2\/posts\/5382","targetHints":{"allow":["GET"]}}],"collection":[{"href":"https:\/\/vivresonreve.ch\/index.php?rest_route=\/wp\/v2\/posts"}],"about":[{"href":"https:\/\/vivresonreve.ch\/index.php?rest_route=\/wp\/v2\/types\/post"}],"author":[{"embeddable":true,"href":"https:\/\/vivresonreve.ch\/index.php?rest_route=\/wp\/v2\/users\/2"}],"replies":[{"embeddable":true,"href":"https:\/\/vivresonreve.ch\/index.php?rest_route=%2Fwp%2Fv2%2Fcomments&post=5382"}],"version-history":[{"count":8,"href":"https:\/\/vivresonreve.ch\/index.php?rest_route=\/wp\/v2\/posts\/5382\/revisions"}],"predecessor-version":[{"id":5407,"href":"https:\/\/vivresonreve.ch\/index.php?rest_route=\/wp\/v2\/posts\/5382\/revisions\/5407"}],"wp:attachment":[{"href":"https:\/\/vivresonreve.ch\/index.php?rest_route=%2Fwp%2Fv2%2Fmedia&parent=5382"}],"wp:term":[{"taxonomy":"category","embeddable":true,"href":"https:\/\/vivresonreve.ch\/index.php?rest_route=%2Fwp%2Fv2%2Fcategories&post=5382"},{"taxonomy":"post_tag","embeddable":true,"href":"https:\/\/vivresonreve.ch\/index.php?rest_route=%2Fwp%2Fv2%2Ftags&post=5382"}],"curies":[{"name":"wp","href":"https:\/\/api.w.org\/{rel}","templated":true}]}}