{"id":5379,"date":"2022-04-11T14:40:28","date_gmt":"2022-04-11T14:40:28","guid":{"rendered":"https:\/\/vivresonreve.ch\/?p=5379"},"modified":"2022-04-13T15:26:56","modified_gmt":"2022-04-13T15:26:56","slug":"5379","status":"publish","type":"post","link":"https:\/\/vivresonreve.ch\/?p=5379","title":{"rendered":"News: Bilan d&rsquo;une saison cauchemardesque"},"content":{"rendered":"<div>Hello tout le monde,<\/div>\n<p>&nbsp;<\/p>\n<div>Suite \u00e0 une saison 2021 tr\u00e8s encourageante, avec en prime une s\u00e9lection dans le groupe d&rsquo;entra\u00eenement Coupe du monde, tous les voyants \u00e9taient au vert pour 2022. La pr\u00e9paration estivale s&rsquo;est tr\u00e8s bien d\u00e9roul\u00e9e et j&rsquo;ai pu profiter \u00e0 merveille des moyens mis \u00e0 disposition par le nouveau groupe. Ensuite, j&rsquo;ai atteint mon premier objectif de la saison, en \u00e9tant au d\u00e9part des entra\u00eenements de la Coupe du monde de Lake Louise. Lors du premier essai chronom\u00e9tr\u00e9, j\u2019ai termin\u00e9 \u00e0 une belle 28e place en tant que 5e Suisse. Sachant que huit Suisses \u00e9taient s\u00e9lectionn\u00e9s, il me fallait simplement confirmer la prestation le lendemain, lors de l&rsquo;ultime entra\u00eenement.<\/div>\n<p>&nbsp;<\/p>\n<div>Malheureusement, \u00e0 partir de cette date, rien ne s\u2019est d\u00e9roul\u00e9 comme pr\u00e9vu&#8230; J&rsquo;ai \u00e9chou\u00e9 au stade des qualifications internes en tant que 10e et dernier Suisse. Lors des courses de d\u00e9cembre, ma sant\u00e9 m\u2019a jou\u00e9 des tours et tant \u00e0 Zinal qu&rsquo;\u00e0 Santa Caterina, je n\u2019\u00e9tais pas \u00e0 100% au moment de prendre le d\u00e9part. Ensuite, j\u2019ai pris le temps de r\u00e9cup\u00e9rer pendant les f\u00eates de fin d&rsquo;ann\u00e9e avant de retourner \u00e0 l&rsquo;entra\u00eenement d\u00e9but janvier. C&rsquo;est alors que je me suis fractur\u00e9 la t\u00eate de l&rsquo;hum\u00e9rus lors d&rsquo;une manche d&rsquo;entra\u00eenement de super-G \u00e0 Saalbach.<\/div>\n<p>&nbsp;<\/p>\n<div><img decoding=\"async\" class=\"CToWUd a6T\" tabindex=\"0\" src=\"https:\/\/mail.google.com\/mail\/u\/0?ui=2&amp;ik=77a1a64540&amp;attid=0.5.0.1&amp;permmsgid=msg-f:1729257635910735302&amp;th=17ff8ea8699755c6&amp;view=fimg&amp;fur=ip&amp;sz=s0-l75-ft&amp;attbid=ANGjdJ_EhgfUbDqSPHhOY5usKQu1owRxMkR3Pvps36ygtaQPIgnBipogg1aidQNo-EbU8E2sFVsmIKu6udHIVHmiwXvcHIDbObRXEx8MNY3gyEqnamoX_W-Qu2kspGg&amp;disp=emb\" data-image-whitelisted=\"\" \/><\/div>\n<p>&nbsp;<\/p>\n<div>D\u2019embl\u00e9e, les m\u00e9decins m\u2019ont dit : \u00ab \u00c7a peut prendre 3 semaines comme 3 mois, \u00e7a d\u00e9pend des athl\u00e8tes. \u00bb J&rsquo;avais le choix soit de laisser gu\u00e9rir gentiment soit de prendre des antidouleurs ou de recevoir une injection de cortisone pour masquer la douleur et continuer la saison. J&rsquo;ai pr\u00e9f\u00e9r\u00e9 privil\u00e9gier la gu\u00e9rison naturelle, certes plus lente mais certainement plus saine sur le long terme.<\/div>\n<p>&nbsp;<\/p>\n<div>Comme les m\u00e9decins m&rsquo;avaient pr\u00e9cis\u00e9 que je ne risquais pas d&rsquo;aggraver ma blessure en skiant, j&rsquo;ai essay\u00e9 de revenir d&rsquo;abord fin janvier en Coupe d&rsquo;Europe, puis mi-f\u00e9vrier. Mais rien n&rsquo;y a fait : la douleur et le manque d&rsquo;entra\u00eenement m&#8217;emp\u00eachaient d&rsquo;\u00e9voluer \u00e0 mon meilleur niveau. Les courses de Coupe d&rsquo;Europe et de Coupe du monde \u00e9tant termin\u00e9es, j\u2019ai alors pris la d\u00e9cision, en concertation avec les entra\u00eeneurs, de mettre un terme \u00e0 ma saison 2022.<\/div>\n<p>&nbsp;<\/p>\n<div>A l&rsquo;heure du bilan, j&rsquo;ai de la peine \u00e0 mettre des mots sur ce que je ressens. Je me suis investi \u00e0 200% lors de la pr\u00e9paration estivale et j&rsquo;ai b\u00e9n\u00e9fici\u00e9 des meilleures conditions d&rsquo;entra\u00eenement de ma carri\u00e8re. Mais par rapport \u00e0 mes attentes, cette saison a paradoxalement \u00e9t\u00e9 la moins bonne depuis que je suis dans les cadres nationaux. Je suis donc soulag\u00e9 de tourner la page et clore le chapitre 2022 ; je vais tout faire pour ressortir grandi de ces derniers mois et j&rsquo;ai d\u00e9j\u00e0 le regard tourn\u00e9 vers l&rsquo;avenir. Je reste convaincu que mon niveau du mois de novembre \u00e9tait bon, bien que je n&rsquo;aie pas pu le prouver concr\u00e8tement. Quand je regarde ce que mes co\u00e9quipiers ont r\u00e9ussi \u00e0 montrer cet hiver, notamment Yannick Chabloz, et que je sais que je n&rsquo;\u00e9tais pas loin durant la pr\u00e9paration, je me permets de r\u00eaver \u00e0 un avenir plus radieux.<\/div>\n<p>Mais dans l&rsquo;imm\u00e9diat, je vais profiter des quelques semaines o\u00f9 les installations vont rester ouvertes pour mettre au point du mat\u00e9riel et affiner ma technique.<br \/>\nJ\u2019ai re\u00e7u beaucoup de messages de compassion de part et d\u2019autre et je voulais vous remercier du fond du coeur pour votre soutien malgr\u00e9 le manque de r\u00e9ussite.<\/p>\n<div>J\u2019ai re\u00e7u beaucoup de messages de compassion de part et d\u2019autre et je voulais vous remercier du fond du coeur pour votre soutien malgr\u00e9 le manque de r\u00e9ussite.<\/div>\n<ul>\n<li style=\"list-style-type: none;\"><\/li>\n<\/ul>\n<ul>\n<li>Site web:\u00a0<a href=\"https:\/\/arnaudboisset.com\/\" target=\"_blank\" rel=\"noopener noreferrer\" data-saferedirecturl=\"https:\/\/www.google.com\/url?q=https:\/\/arnaudboisset.com\/&amp;source=gmail&amp;ust=1649773729075000&amp;usg=AOvVaw1cNMKenvQsQTd2lZCfU4yD\">https:\/\/arnaudboisset.<wbr \/>com\/<\/a><\/li>\n<li>Blog:\u00a0<a href=\"https:\/\/www.tooski.ch\/blogs\/arnaud-boisset\/\" target=\"_blank\" rel=\"noopener noreferrer\" data-saferedirecturl=\"https:\/\/www.google.com\/url?q=https:\/\/www.tooski.ch\/blogs\/arnaud-boisset\/&amp;source=gmail&amp;ust=1649773729076000&amp;usg=AOvVaw1ibjmeClcDjA-dpmcw3Msf\">https:\/\/www.tooski.ch\/<wbr \/>blogs\/arnaud-boisset\/<\/a><\/li>\n<li>Gourmandise:\u00a0<a href=\"https:\/\/arnaudboisset.com\/#soutien\" target=\"_blank\" rel=\"noopener noreferrer\" data-saferedirecturl=\"https:\/\/www.google.com\/url?q=https:\/\/arnaudboisset.com\/%23soutien&amp;source=gmail&amp;ust=1649773729076000&amp;usg=AOvVaw1yo7RYR2RNYYWHwnqNWYNR\">https:\/\/<wbr \/>arnaudboisset.com\/#soutien<\/a><\/li>\n<\/ul>\n<p>\u201cCuv\u00e9e de soutien\u201d:<\/p>\n<ul>\n<li>Fendant de Martigny (m\u00e9daille d\u2019or au mondial du chasselas 2021) \u00e0 CHF 20.-<\/li>\n<li>Johannisberg de Chamoson (s\u00e9lection Or des vins du Valais 2021) \u00e0 CHF 23.-<\/li>\n<li>Gamay de Martigny \u00e0 CHF 20.-<\/li>\n<li>Pinot noir de Chamoson \u00e0 CHF 23.-<\/li>\n<li>Humagne rouge \u00e0 CHF 25.-<\/li>\n<\/ul>\n<p>&nbsp;<\/p>\n<div>\n<div>\n<div>\n<div>\n<div>Meilleures salutations sportives.<\/div>\n<p>Arnaud Boisset<\/p>\n<\/div>\n<\/div>\n<\/div>\n<\/div>\n","protected":false},"excerpt":{"rendered":"<p>Hello tout le monde, &nbsp; Suite \u00e0 une saison 2021 tr\u00e8s encourageante, avec en prime une s\u00e9lection dans le groupe d&rsquo;entra\u00eenement Coupe du monde, tous les voyants \u00e9taient au vert pour 2022. La pr\u00e9paration estivale s&rsquo;est tr\u00e8s bien d\u00e9roul\u00e9e et j&rsquo;ai pu profiter \u00e0 merveille des moyens mis \u00e0 disposition par le nouveau groupe. Ensuite, [&hellip;]<\/p>\n","protected":false},"author":2,"featured_media":0,"comment_status":"open","ping_status":"open","sticky":true,"template":"","format":"standard","meta":{"_et_pb_use_builder":"","_et_pb_old_content":"","_et_gb_content_width":"","footnotes":""},"categories":[30,11],"tags":[],"class_list":["post-5379","post","type-post","status-publish","format-standard","hentry","category-arnaud-boisset","category-association"],"_links":{"self":[{"href":"https:\/\/vivresonreve.ch\/index.php?rest_route=\/wp\/v2\/posts\/5379","targetHints":{"allow":["GET"]}}],"collection":[{"href":"https:\/\/vivresonreve.ch\/index.php?rest_route=\/wp\/v2\/posts"}],"about":[{"href":"https:\/\/vivresonreve.ch\/index.php?rest_route=\/wp\/v2\/types\/post"}],"author":[{"embeddable":true,"href":"https:\/\/vivresonreve.ch\/index.php?rest_route=\/wp\/v2\/users\/2"}],"replies":[{"embeddable":true,"href":"https:\/\/vivresonreve.ch\/index.php?rest_route=%2Fwp%2Fv2%2Fcomments&post=5379"}],"version-history":[{"count":6,"href":"https:\/\/vivresonreve.ch\/index.php?rest_route=\/wp\/v2\/posts\/5379\/revisions"}],"predecessor-version":[{"id":5403,"href":"https:\/\/vivresonreve.ch\/index.php?rest_route=\/wp\/v2\/posts\/5379\/revisions\/5403"}],"wp:attachment":[{"href":"https:\/\/vivresonreve.ch\/index.php?rest_route=%2Fwp%2Fv2%2Fmedia&parent=5379"}],"wp:term":[{"taxonomy":"category","embeddable":true,"href":"https:\/\/vivresonreve.ch\/index.php?rest_route=%2Fwp%2Fv2%2Fcategories&post=5379"},{"taxonomy":"post_tag","embeddable":true,"href":"https:\/\/vivresonreve.ch\/index.php?rest_route=%2Fwp%2Fv2%2Ftags&post=5379"}],"curies":[{"name":"wp","href":"https:\/\/api.w.org\/{rel}","templated":true}]}}