{"id":5366,"date":"2022-04-11T14:26:07","date_gmt":"2022-04-11T14:26:07","guid":{"rendered":"https:\/\/vivresonreve.ch\/?p=5366"},"modified":"2022-04-13T15:27:08","modified_gmt":"2022-04-13T15:27:08","slug":"news-thomas-kolly","status":"publish","type":"post","link":"https:\/\/vivresonreve.ch\/?p=5366","title":{"rendered":"News: Thomas Kolly"},"content":{"rendered":"<p>Bonjour,<\/p>\n<p>Voici un petit message pour vous informer que je vais participer aux championnats du monde junior qui ont \u00e9t\u00e9 d\u00e9plac\u00e9s de Valmalenco (manque de neige) \u00e0 Veysonnaz.<\/p>\n<div>La course a lieu ce mardi 29 mars 2022.<\/div>\n<div>Voici une petite vid\u00e9o de ma story Instagram.<\/div>\n<p>&nbsp;<\/p>\n<div>Salutations<\/div>\n<p>&nbsp;<\/p>\n<div>Thomas<\/div>\n<p>&nbsp;<\/p>\n<div>\n<div style=\"width: 304px;\" class=\"wp-video\"><video class=\"wp-video-shortcode\" id=\"video-5366-1\" width=\"304\" height=\"640\" preload=\"metadata\" controls=\"controls\"><source type=\"video\/mp4\" src=\"https:\/\/vivresonreve.ch\/wp-content\/uploads\/2022\/04\/Video-instagram.mp4?_=1\" \/><a href=\"https:\/\/vivresonreve.ch\/wp-content\/uploads\/2022\/04\/Video-instagram.mp4\">https:\/\/vivresonreve.ch\/wp-content\/uploads\/2022\/04\/Video-instagram.mp4<\/a><\/video><\/div>\n<\/div>\n","protected":false},"excerpt":{"rendered":"<p>Bonjour, Voici un petit message pour vous informer que je vais participer aux championnats du monde junior qui ont \u00e9t\u00e9 d\u00e9plac\u00e9s de Valmalenco (manque de neige) \u00e0 Veysonnaz. La course a lieu ce mardi 29 mars 2022. Voici une petite vid\u00e9o de ma story Instagram. &nbsp; Salutations &nbsp; Thomas &nbsp;<\/p>\n","protected":false},"author":2,"featured_media":0,"comment_status":"open","ping_status":"open","sticky":false,"template":"","format":"standard","meta":{"_et_pb_use_builder":"","_et_pb_old_content":"","_et_gb_content_width":"","footnotes":""},"categories":[11],"tags":[],"class_list":["post-5366","post","type-post","status-publish","format-standard","hentry","category-association"],"_links":{"self":[{"href":"https:\/\/vivresonreve.ch\/index.php?rest_route=\/wp\/v2\/posts\/5366","targetHints":{"allow":["GET"]}}],"collection":[{"href":"https:\/\/vivresonreve.ch\/index.php?rest_route=\/wp\/v2\/posts"}],"about":[{"href":"https:\/\/vivresonreve.ch\/index.php?rest_route=\/wp\/v2\/types\/post"}],"author":[{"embeddable":true,"href":"https:\/\/vivresonreve.ch\/index.php?rest_route=\/wp\/v2\/users\/2"}],"replies":[{"embeddable":true,"href":"https:\/\/vivresonreve.ch\/index.php?rest_route=%2Fwp%2Fv2%2Fcomments&post=5366"}],"version-history":[{"count":6,"href":"https:\/\/vivresonreve.ch\/index.php?rest_route=\/wp\/v2\/posts\/5366\/revisions"}],"predecessor-version":[{"id":5384,"href":"https:\/\/vivresonreve.ch\/index.php?rest_route=\/wp\/v2\/posts\/5366\/revisions\/5384"}],"wp:attachment":[{"href":"https:\/\/vivresonreve.ch\/index.php?rest_route=%2Fwp%2Fv2%2Fmedia&parent=5366"}],"wp:term":[{"taxonomy":"category","embeddable":true,"href":"https:\/\/vivresonreve.ch\/index.php?rest_route=%2Fwp%2Fv2%2Fcategories&post=5366"},{"taxonomy":"post_tag","embeddable":true,"href":"https:\/\/vivresonreve.ch\/index.php?rest_route=%2Fwp%2Fv2%2Ftags&post=5366"}],"curies":[{"name":"wp","href":"https:\/\/api.w.org\/{rel}","templated":true}]}}