{"id":4588,"date":"2022-01-26T17:36:18","date_gmt":"2022-01-26T17:36:18","guid":{"rendered":"http:\/\/vivresonreve.ch\/?p=4588"},"modified":"2022-02-02T08:55:43","modified_gmt":"2022-02-02T08:55:43","slug":"news-2022-ne-me-sourit-pas-encore","status":"publish","type":"post","link":"https:\/\/vivresonreve.ch\/?p=4588","title":{"rendered":"News: 2022 ne me sourit (pas encore)"},"content":{"rendered":"<p>Hello tout le monde,<\/p>\n<p>Mon corps et mon esprit ont bien pu profiter de la tr\u00eave de No\u00ebl, qui \u00e9tait vraiment bienvenue. Apr\u00e8s 10 jours sans ski, j&rsquo;ai repris l&rsquo;entra\u00eenement d\u00e9but janvier \u00e0 Hoch-Ybrig. L&rsquo;occasion de retrouver les entra\u00eeneurs et l&rsquo;entourage que je n&rsquo;avais plus vus depuis Lake Louise, un mois auparavant. C&rsquo;\u00e9tait tr\u00e8s bien de pouvoir se retrouver tous ensemble, afin de reposer les bases techniques avant la deuxi\u00e8me partie de la saison. Les conditions de neige \u00e9taient plut\u00f4t molles en raison des pr\u00e9cipitations abondantes de la semaine pr\u00e9c\u00e9dente.<\/p>\n<p>Ensuite, nous sommes all\u00e9s en Autriche, \u00e0 Saalbach plus pr\u00e9cis\u00e9ment, afin d&rsquo;avoir l&rsquo;opportunit\u00e9 de skier sur une piste de Coupe du monde. Les conditions \u00e9taient id\u00e9ales (comme souvent l\u00e0-bas) et je me r\u00e9jouissais vraiment de rechausser les skis de super-G. Malheureusement, mon plaisir fut de courte dur\u00e9e puisque je me suis bless\u00e9 lors de la deuxi\u00e8me manche de la journ\u00e9e. Je ne suis pas tomb\u00e9 mais apr\u00e8s avoir fait un faux mouvement avec le bras, j&rsquo;ai senti une forte douleur dans l&rsquo;\u00e9paule. J&rsquo;ai donc stopp\u00e9 l&rsquo;entra\u00eenement et je suis rentr\u00e9 \u00e0 l&rsquo;h\u00f4tel. Quelques heures apr\u00e8s, la douleur n&rsquo;\u00e9tait pas si importante et j&rsquo;arrivais \u00e0 faire presque tous les mouvements mais comme je manquais de force, le physio et le m\u00e9decin pr\u00e9sents avec nous m&rsquo;ont fortement conseill\u00e9 d&rsquo;aller faire une IRM pour poser un diagnostic pr\u00e9cis \u00e9tant donn\u00e9 que l&rsquo;\u00e9paule est une articulation complexe.<\/p>\n<p>Le lendemain, j&rsquo;ai pu passer une IRM dans une clinique autrichienne. Le verdict \u00e9tait clair: c&rsquo;\u00e9tait une fracture non d\u00e9plac\u00e9e de la t\u00eate de l&rsquo;hum\u00e9rus. Le m\u00e9decin m&rsquo;a fortement d\u00e9conseill\u00e9 de skier \u00e0 nouveau et a indiqu\u00e9 que quelques semaines de pause \u00e9taient n\u00e9cessaires. Par cons\u00e9quent, je suis directement rentr\u00e9 en Suisse et c&rsquo;est pour cette raison que j&rsquo;ai manqu\u00e9 les courses de coupe d&rsquo;Europe de Tarvisio.<\/p>\n<p>Le m\u00e9decin suisse de Gen\u00e8ve a ensuite pris le relais pour me soigner. Comme c&rsquo;est une fracture osseuse, le seul rem\u00e8de est l&rsquo;immobilisation et la prise de quelques vitamines. Maintenant, 10 jours apr\u00e8s l&rsquo;accident, je me sens bien. C&rsquo;est un peu frustrant car je ne me sens pas bless\u00e9, je peux pratiquement faire toutes les t\u00e2ches de la vie quotidienne sans douleur. Mais pour que la formation du cal se fasse de mani\u00e8re optimale, il ne faut pas que j&rsquo;utilise de mani\u00e8re intensive les muscles de l&rsquo;\u00e9paule. Par cons\u00e9quent, je ne peux pas porter des poids ou skier&#8230;<\/p>\n<p>J&rsquo;ai rendez-vous mercredi pour une nouvelle auscultation \u00e0 Gen\u00e8ve. C&rsquo;est \u00e0 ce moment-l\u00e0 que nous d\u00e9ciderons quand il sera judicieux de reprendre d&rsquo;abord l&rsquo;entra\u00eenement sur la neige, puis les comp\u00e9titions. D&rsquo;un c\u00f4t\u00e9, j&rsquo;esp\u00e8re que ce sera tr\u00e8s vite mais de l&rsquo;autre, il est important de soigner correctement cette \u00e9paule pour pas que cela me pr\u00e9t\u00e9rite dans le futur.<\/p>\n<p>&nbsp;<\/p>\n<p>Merci pour votre soutien et \u00e0 tr\u00e8s bient\u00f4t!<\/p>\n<p>&nbsp;<\/p>\n<p>Site web:\u00a0<a href=\"https:\/\/arnaudboisset.com\/\" data-auth=\"NotApplicable\" data-linkindex=\"0\">https:\/\/arnaudboisset.com\/<\/a><\/p>\n<p>Blog:\u00a0<a href=\"https:\/\/www.tooski.ch\/blogs\/arnaud-boisset\/\" data-auth=\"NotApplicable\" data-linkindex=\"1\">https:\/\/www.tooski.ch\/blogs\/arnaud-boisset\/<\/a><\/p>\n<p>Gourmandise:\u00a0<a href=\"https:\/\/arnaudboisset.com\/#soutien\" data-auth=\"NotApplicable\" data-linkindex=\"2\">https:\/\/arnaudboisset.com\/#soutien<\/a><\/p>\n<p>&nbsp;<\/p>\n<p>\u00ab\u00a0Cuv\u00e9e de soutien\u00a0\u00bb:<\/p>\n<ul>\n<li style=\"list-style-type: none;\">\n<ul>\n<li style=\"list-style-type: none;\">\n<ul>\n<li>Fendant de Martigny (m\u00e9daille d&rsquo;or au mondial du chasselas 2021) \u00e0 CHF 20.-<\/li>\n<li>Johannisberg de Chamoson (s\u00e9lection Or des vins du Valais 2021) \u00e0 CHF 23.-<\/li>\n<li>Gamay de Martigny \u00e0 CHF 20.-<\/li>\n<li>Pinot noir de Chamoson \u00e0 CHF 23.-<\/li>\n<li>Humagne rouge \u00e0 CHF 25.-<\/li>\n<\/ul>\n<\/li>\n<\/ul>\n<\/li>\n<\/ul>\n<p>&nbsp;<\/p>\n<p>Meilleures salutations sportives.<\/p>\n<p>Arnaud Boisset<\/p>\n","protected":false},"excerpt":{"rendered":"<p>Hello tout le monde, Mon corps et mon esprit ont bien pu profiter de la tr\u00eave de No\u00ebl, qui \u00e9tait vraiment bienvenue. Apr\u00e8s 10 jours sans ski, j&rsquo;ai repris l&rsquo;entra\u00eenement d\u00e9but janvier \u00e0 Hoch-Ybrig. L&rsquo;occasion de retrouver les entra\u00eeneurs et l&rsquo;entourage que je n&rsquo;avais plus vus depuis Lake Louise, un mois auparavant. C&rsquo;\u00e9tait tr\u00e8s bien [&hellip;]<\/p>\n","protected":false},"author":2,"featured_media":0,"comment_status":"closed","ping_status":"closed","sticky":false,"template":"","format":"standard","meta":{"_et_pb_use_builder":"","_et_pb_old_content":"","_et_gb_content_width":"","footnotes":""},"categories":[30,11],"tags":[],"class_list":["post-4588","post","type-post","status-publish","format-standard","hentry","category-arnaud-boisset","category-association"],"_links":{"self":[{"href":"https:\/\/vivresonreve.ch\/index.php?rest_route=\/wp\/v2\/posts\/4588","targetHints":{"allow":["GET"]}}],"collection":[{"href":"https:\/\/vivresonreve.ch\/index.php?rest_route=\/wp\/v2\/posts"}],"about":[{"href":"https:\/\/vivresonreve.ch\/index.php?rest_route=\/wp\/v2\/types\/post"}],"author":[{"embeddable":true,"href":"https:\/\/vivresonreve.ch\/index.php?rest_route=\/wp\/v2\/users\/2"}],"replies":[{"embeddable":true,"href":"https:\/\/vivresonreve.ch\/index.php?rest_route=%2Fwp%2Fv2%2Fcomments&post=4588"}],"version-history":[{"count":3,"href":"https:\/\/vivresonreve.ch\/index.php?rest_route=\/wp\/v2\/posts\/4588\/revisions"}],"predecessor-version":[{"id":4621,"href":"https:\/\/vivresonreve.ch\/index.php?rest_route=\/wp\/v2\/posts\/4588\/revisions\/4621"}],"wp:attachment":[{"href":"https:\/\/vivresonreve.ch\/index.php?rest_route=%2Fwp%2Fv2%2Fmedia&parent=4588"}],"wp:term":[{"taxonomy":"category","embeddable":true,"href":"https:\/\/vivresonreve.ch\/index.php?rest_route=%2Fwp%2Fv2%2Fcategories&post=4588"},{"taxonomy":"post_tag","embeddable":true,"href":"https:\/\/vivresonreve.ch\/index.php?rest_route=%2Fwp%2Fv2%2Ftags&post=4588"}],"curies":[{"name":"wp","href":"https:\/\/api.w.org\/{rel}","templated":true}]}}