{"id":4552,"date":"2021-10-26T08:28:06","date_gmt":"2021-10-26T08:28:06","guid":{"rendered":"http:\/\/vivresonreve.ch\/?p=4552"},"modified":"2022-02-02T08:55:43","modified_gmt":"2022-02-02T08:55:43","slug":"retour-sur-la-preparation-darnaud","status":"publish","type":"post","link":"https:\/\/vivresonreve.ch\/?p=4552","title":{"rendered":"Retour sur la pr\u00e9paration d&rsquo;Arnaud"},"content":{"rendered":"<p>Hello tout le monde, j&rsquo;esp\u00e8re que vous allez bien?<\/p>\n<p>Entre la mi-ao\u00fbt et la mi-septembre, j&rsquo;ai encha\u00een\u00e9 16 ou 17 journ\u00e9es de ski vraiment top au niveau des conditions de neige et de la m\u00e9t\u00e9o. Sans parler de l\u2019encadrement tr\u00e8s professionnel dont je b\u00e9n\u00e9ficie dans mon nouveau groupe d\u2019entra\u00eenement. L\u2019arriv\u00e9e de la neige en haute altitude vers le milieu du mois de septembre ne nous a toutefois pas aid\u00e9s, les rev\u00eatements devenant beaucoup trop mous. Maintenant, cette phase de pr\u00e9paration touche \u00e0 sa fin ; je suis encore \u00e0 Zermatt mais dimanche devrait \u00eatre mon dernier jour sur glacier cette ann\u00e9e.<\/p>\n<p>Cette semaine, nous nous entra\u00eenons avec le groupe Coupe du monde 1, donc avec Beat Feuz, Mauro Caviezel et Carlo Janka pour ne citer qu\u2019eux. L\u2019id\u00e9e est de proc\u00e9der \u00e0 des confrontations afin de d\u00e9terminer les plus rapides en vue des s\u00e9lections pour les premi\u00e8res courses, celles de Lake Louise pour ce qui me concerne. Mais mieux vaut ne pas trop s\u2019avancer car \u00e0 ce niveau-l\u00e0, ils sont nombreux \u00e0 skier vite\u2026 Mais je ne suis pas peu fier de dire que j&rsquo;ai pu battre Beat Feuz \u00e0 arme \u00e9gale! Il ne restera plus qu&rsquo;\u00e0 confirmer cela en course. J&rsquo;esp\u00e8re vous annoncer dans la prochaine news mon d\u00e9part pour le Canada, je vais tout faire pour!<\/p>\n<p>Autre bonne nouvelle, j&rsquo;ai mis \u00e0 jour mon site web d\u00e9sormais disponible en trois langues, je vous invite \u00e0 y jeter un \u0153il:\u00a0<a href=\"https:\/\/arnaudboisset.com\/\">https:\/\/arnaudboisset.com\/<\/a><\/p>\n<p>Petit b\u00e9mol, ma voiture qui m&rsquo;a fid\u00e8lement accompagn\u00e9 sur les routes de l&rsquo;Europe ces 4 derni\u00e8res ann\u00e9es a certainement rendu l&rsquo;\u00e2me&#8230; Du coup je suis \u00e0 la recherche d&rsquo;un bon plan si jamais vous entendez quelque chose, faites-le moi savoir ?.<\/p>\n<p>Merci pour votre soutien et \u00e0 tr\u00e8s bient\u00f4t!<\/p>\n","protected":false},"excerpt":{"rendered":"<p>Hello tout le monde, j&rsquo;esp\u00e8re que vous allez bien? Entre la mi-ao\u00fbt et la mi-septembre, j&rsquo;ai encha\u00een\u00e9 16 ou 17 journ\u00e9es de ski vraiment top au niveau des conditions de neige et de la m\u00e9t\u00e9o. Sans parler de l\u2019encadrement tr\u00e8s professionnel dont je b\u00e9n\u00e9ficie dans mon nouveau groupe d\u2019entra\u00eenement. L\u2019arriv\u00e9e de la neige en haute [&hellip;]<\/p>\n","protected":false},"author":2,"featured_media":0,"comment_status":"closed","ping_status":"closed","sticky":true,"template":"","format":"standard","meta":{"_et_pb_use_builder":"","_et_pb_old_content":"","_et_gb_content_width":"","footnotes":""},"categories":[30],"tags":[],"class_list":["post-4552","post","type-post","status-publish","format-standard","hentry","category-arnaud-boisset"],"_links":{"self":[{"href":"https:\/\/vivresonreve.ch\/index.php?rest_route=\/wp\/v2\/posts\/4552","targetHints":{"allow":["GET"]}}],"collection":[{"href":"https:\/\/vivresonreve.ch\/index.php?rest_route=\/wp\/v2\/posts"}],"about":[{"href":"https:\/\/vivresonreve.ch\/index.php?rest_route=\/wp\/v2\/types\/post"}],"author":[{"embeddable":true,"href":"https:\/\/vivresonreve.ch\/index.php?rest_route=\/wp\/v2\/users\/2"}],"replies":[{"embeddable":true,"href":"https:\/\/vivresonreve.ch\/index.php?rest_route=%2Fwp%2Fv2%2Fcomments&post=4552"}],"version-history":[{"count":1,"href":"https:\/\/vivresonreve.ch\/index.php?rest_route=\/wp\/v2\/posts\/4552\/revisions"}],"predecessor-version":[{"id":4553,"href":"https:\/\/vivresonreve.ch\/index.php?rest_route=\/wp\/v2\/posts\/4552\/revisions\/4553"}],"wp:attachment":[{"href":"https:\/\/vivresonreve.ch\/index.php?rest_route=%2Fwp%2Fv2%2Fmedia&parent=4552"}],"wp:term":[{"taxonomy":"category","embeddable":true,"href":"https:\/\/vivresonreve.ch\/index.php?rest_route=%2Fwp%2Fv2%2Fcategories&post=4552"},{"taxonomy":"post_tag","embeddable":true,"href":"https:\/\/vivresonreve.ch\/index.php?rest_route=%2Fwp%2Fv2%2Ftags&post=4552"}],"curies":[{"name":"wp","href":"https:\/\/api.w.org\/{rel}","templated":true}]}}